{"id":6787,"date":"2023-03-03T11:21:45","date_gmt":"2023-03-03T14:21:45","guid":{"rendered":"https:\/\/suaescolaideal.com.br\/blog\/?p=6787"},"modified":"2023-03-03T18:52:25","modified_gmt":"2023-03-03T21:52:25","slug":"tiktok-colocara-limite-de-1-hora-diaria-de-tela-para-usuarios-menores-de-18-anos","status":"publish","type":"post","link":"https:\/\/suaescolaideal.com.br\/blog\/familias\/2023\/03\/tiktok-colocara-limite-de-1-hora-diaria-de-tela-para-usuarios-menores-de-18-anos\/","title":{"rendered":"TikTok colocar\u00e1 limite de 1 hora di\u00e1ria de tela para usu\u00e1rios menores de 18 anos"},"content":{"rendered":"<p><img loading=\"lazy\" class=\" wp-image-6788\" src=\"https:\/\/suaescolaideal.com.br\/blog\/wp-content\/uploads\/2023\/03\/iStock-1319113794-300x200.jpg\" alt=\"\" width=\"515\" height=\"343\" srcset=\"https:\/\/suaescolaideal.com.br\/blog\/wp-content\/uploads\/2023\/03\/iStock-1319113794-300x200.jpg 300w, https:\/\/suaescolaideal.com.br\/blog\/wp-content\/uploads\/2023\/03\/iStock-1319113794-1024x683.jpg 1024w, https:\/\/suaescolaideal.com.br\/blog\/wp-content\/uploads\/2023\/03\/iStock-1319113794-768x512.jpg 768w, https:\/\/suaescolaideal.com.br\/blog\/wp-content\/uploads\/2023\/03\/iStock-1319113794-900x600.jpg 900w, https:\/\/suaescolaideal.com.br\/blog\/wp-content\/uploads\/2023\/03\/iStock-1319113794.jpg 1253w\" sizes=\"(max-width: 515px) 100vw, 515px\" \/><\/p>\n<p class=\"post__excerpt\"><em>Se o limite de 60 minutos for atingido, os usu\u00e1rios ser\u00e3o solicitados a inserir uma senha para aumentar o tempo gasto<\/em><\/p>\n<div class=\"post__video\">\n<div class=\"cnn component-video\">\n<div class=\"component-inner\">\n<div class=\"video-wrapper\">\n<div>\n<p>O\u00a0<a href=\"https:\/\/canaltech.com.br\/empresa\/tiktok\/\">TikTok<\/a>\u00a0anunciou nesta quarta-feira (1\u00b0) que todos os usu\u00e1rios com menos de 18 anos ter\u00e3o, em breve, um limite de tempo di\u00e1rio de tela de uma hora. Esse \u00e9 em um dos movimentos mais agressivos j\u00e1 realizados por uma empresa de m\u00eddia social para impedir que os adolescentes rolem a tela sem parar.<\/p>\n<p>Os usu\u00e1rios\u00a0adolescentes\u00a0do TikTok poder\u00e3o desativar essa nova configura\u00e7\u00e3o padr\u00e3o, que ser\u00e1 lan\u00e7ada nas pr\u00f3ximas semanas. Mas a mudan\u00e7a de recurso pode refor\u00e7ar o bem-estar digital dos usu\u00e1rios mais jovens, exigindo que eles optem por limites de tempo de tela mais r\u00edgidos.<\/p>\n<p>A mudan\u00e7a ocorre depois que o TikTok e outras plataformas de m\u00eddia social enfrentaram anos de an\u00e1lise sobre seu impacto nos usu\u00e1rios jovens, incluindo seu potencial de levar os adolescentes a buracos prejudiciais.<\/p>\n<p>O TikTok tamb\u00e9m est\u00e1 enfrentando press\u00e3o crescente de Washington por quest\u00f5es de seguran\u00e7a de seus la\u00e7os com a China por meio da empresa controladora Bytedance, incluindo uma discuss\u00e3o renovada sobre uma poss\u00edvel proibi\u00e7\u00e3o do aplicativo de v\u00eddeo de formato curto nos EUA.<\/p>\n<p>Cormac Keenan, chefe de confian\u00e7a e seguran\u00e7a do TikTok, disse que a empresa consultou pesquisadores e especialistas do Digital Wellness Lab do Hospital Infantil de Boston ao decidir os limites de tempo a serem estabelecidos para usu\u00e1rios adolescentes.<\/p>\n<p>\u201cEmbora n\u00e3o haja uma posi\u00e7\u00e3o endossada coletivamente sobre quanto tempo de tela \u00e9 \u2018demais\u2019, ou mesmo o impacto do tempo de tela de forma mais ampla, reconhecemos que os adolescentes geralmente precisam de suporte extra quando come\u00e7am a explorar o mundo online de forma independente\u201d, escreveu Keenan em uma postagem de blog.<\/p>\n<p>Keenan acrescentou que, se um adolescente decidir desativar esse novo limite padr\u00e3o e passar mais de 100 minutos no TikTok por dia, ele ser\u00e1 solicitado a definir um limite di\u00e1rio de tempo de tela para si mesmo.<\/p>\n<p>\u201cEm nosso primeiro m\u00eas de testes, essa abordagem aumentou o uso de nossas ferramentas de gerenciamento de tempo de tela em 234%\u201d, escreveu Keenan.<\/p>\n<p>Ele tamb\u00e9m anunciou algumas atualiza\u00e7\u00f5es no recurso Family Pairing do aplicativo, que permite que um pai ou cuidador vincule sua conta TikTok \u00e0 de seu filho adolescente e defina controles.<\/p>\n<p>Os pais poder\u00e3o filtrar v\u00eddeos com palavras ou hashtags que n\u00e3o desejam que apare\u00e7am no feed de seus filhos adolescentes, definir um limite de tempo de tela di\u00e1rio personalizado para seus filhos adolescentes e definir uma programa\u00e7\u00e3o personalizada para silenciar as notifica\u00e7\u00f5es do TikTok enviadas a seus filhos adolescentes.<\/p>\n<p>Outras plataformas, incluindo Instagram e Snapchat, tamb\u00e9m lan\u00e7aram controles e recursos parentais adicionais que incentivam os adolescentes a fazer uma pausa e estabelecer limites.<\/p>\n<p>Repost: <a href=\"https:\/\/www.cnnbrasil.com.br\/tecnologia\/tiktok-colocara-limite-de-1-hora-diaria-de-tela-para-usuarios-menores-de-18-anos\/\">CNN Brasil<\/a><\/p>\n<\/div>\n<p>Mat\u00e9ria original: <a href=\"https:\/\/www.cnnbrasil.com.br\/tecnologia\/tiktok-colocara-limite-de-1-hora-diaria-de-tela-para-usuarios-menores-de-18-anos\/\">https:\/\/www.cnnbrasil.com.br\/tecnologia\/tiktok-colocara-limite-de-1-hora-diaria-de-tela-para-usuarios-menores-de-18-anos\/<\/a><\/p>\n<\/div>\n<\/div>\n<\/div>\n<\/div>\n","protected":false},"excerpt":{"rendered":"<p>Se o limite de 60 minutos for atingido, os usu\u00e1rios ser\u00e3o solicitados a inserir uma senha para aumentar o tempo gasto O\u00a0TikTok\u00a0anunciou nesta quarta-feira (1\u00b0)&#8230;<\/p>\n","protected":false},"author":2,"featured_media":6788,"comment_status":"open","ping_status":"open","sticky":false,"template":"","format":"standard","meta":[],"categories":[222],"tags":[1215,1217,1213,1216,1214],"yst_prominent_words":[],"yoast_head":"<!-- This site is optimized with the Yoast SEO Premium plugin v14.5 - https:\/\/yoast.com\/wordpress\/plugins\/seo\/ -->\n<title>TikTok colocar\u00e1 limite de 1 hora di\u00e1ria de tela para usu\u00e1rios menores de 18 anos - Blog - Sua Escola Ideal<\/title>\n<meta name=\"robots\" content=\"index, follow\" \/>\n<meta name=\"googlebot\" content=\"index, follow, max-snippet:-1, max-image-preview:large, max-video-preview:-1\" \/>\n<meta name=\"bingbot\" content=\"index, follow, max-snippet:-1, max-image-preview:large, max-video-preview:-1\" \/>\n<link rel=\"canonical\" href=\"https:\/\/suaescolaideal.com.br\/blog\/familias\/2023\/03\/tiktok-colocara-limite-de-1-hora-diaria-de-tela-para-usuarios-menores-de-18-anos\/\" \/>\n<meta property=\"og:locale\" content=\"pt_BR\" \/>\n<meta property=\"og:type\" content=\"article\" \/>\n<meta property=\"og:title\" content=\"TikTok colocar\u00e1 limite de 1 hora di\u00e1ria de tela para usu\u00e1rios menores de 18 anos - Blog - Sua Escola Ideal\" \/>\n<meta property=\"og:description\" content=\"Se o limite de 60 minutos for atingido, os usu\u00e1rios ser\u00e3o solicitados a inserir uma senha para aumentar o tempo gasto O\u00a0TikTok\u00a0anunciou nesta quarta-feira (1\u00b0)...\" \/>\n<meta property=\"og:url\" content=\"https:\/\/suaescolaideal.com.br\/blog\/familias\/2023\/03\/tiktok-colocara-limite-de-1-hora-diaria-de-tela-para-usuarios-menores-de-18-anos\/\" \/>\n<meta property=\"og:site_name\" content=\"Blog - Sua Escola Ideal\" \/>\n<meta property=\"article:publisher\" content=\"https:\/\/www.facebook.com\/suaescolaideal\/\" \/>\n<meta property=\"article:published_time\" content=\"2023-03-03T14:21:45+00:00\" \/>\n<meta property=\"article:modified_time\" content=\"2023-03-03T21:52:25+00:00\" \/>\n<meta property=\"og:image\" content=\"https:\/\/suaescolaideal.com.br\/blog\/wp-content\/uploads\/2023\/03\/iStock-1319113794.jpg\" \/>\n\t<meta property=\"og:image:width\" content=\"1253\" \/>\n\t<meta property=\"og:image:height\" content=\"836\" \/>\n<meta name=\"twitter:card\" content=\"summary_large_image\" \/>\n<script type=\"application\/ld+json\" class=\"yoast-schema-graph\">{\"@context\":\"https:\/\/schema.org\",\"@graph\":[{\"@type\":\"WebSite\",\"@id\":\"https:\/\/suaescolaideal.com.br\/blog\/#website\",\"url\":\"https:\/\/suaescolaideal.com.br\/blog\/\",\"name\":\"Sua Escola Ideal - Encontre a melhor escola para o seu filho\",\"description\":\"Conte\\u00fado sobre educa\\u00e7\\u00e3o\",\"potentialAction\":[{\"@type\":\"SearchAction\",\"target\":\"https:\/\/suaescolaideal.com.br\/blog\/?s={search_term_string}\",\"query-input\":\"required name=search_term_string\"}],\"inLanguage\":\"pt-BR\"},{\"@type\":\"ImageObject\",\"@id\":\"https:\/\/suaescolaideal.com.br\/blog\/familias\/2023\/03\/tiktok-colocara-limite-de-1-hora-diaria-de-tela-para-usuarios-menores-de-18-anos\/#primaryimage\",\"inLanguage\":\"pt-BR\",\"url\":\"https:\/\/suaescolaideal.com.br\/blog\/wp-content\/uploads\/2023\/03\/iStock-1319113794.jpg\",\"width\":1253,\"height\":836,\"caption\":\"Portrait of a beautiful young girl smiling while taking a selfie with her smartphone. Kid influencer recording a video at home\"},{\"@type\":\"WebPage\",\"@id\":\"https:\/\/suaescolaideal.com.br\/blog\/familias\/2023\/03\/tiktok-colocara-limite-de-1-hora-diaria-de-tela-para-usuarios-menores-de-18-anos\/#webpage\",\"url\":\"https:\/\/suaescolaideal.com.br\/blog\/familias\/2023\/03\/tiktok-colocara-limite-de-1-hora-diaria-de-tela-para-usuarios-menores-de-18-anos\/\",\"name\":\"TikTok colocar\\u00e1 limite de 1 hora di\\u00e1ria de tela para usu\\u00e1rios menores de 18 anos - Blog - Sua Escola Ideal\",\"isPartOf\":{\"@id\":\"https:\/\/suaescolaideal.com.br\/blog\/#website\"},\"primaryImageOfPage\":{\"@id\":\"https:\/\/suaescolaideal.com.br\/blog\/familias\/2023\/03\/tiktok-colocara-limite-de-1-hora-diaria-de-tela-para-usuarios-menores-de-18-anos\/#primaryimage\"},\"datePublished\":\"2023-03-03T14:21:45+00:00\",\"dateModified\":\"2023-03-03T21:52:25+00:00\",\"author\":{\"@id\":\"https:\/\/suaescolaideal.com.br\/blog\/#\/schema\/person\/af89d87ab6264ef3d4936df241a21546\"},\"inLanguage\":\"pt-BR\",\"potentialAction\":[{\"@type\":\"ReadAction\",\"target\":[\"https:\/\/suaescolaideal.com.br\/blog\/familias\/2023\/03\/tiktok-colocara-limite-de-1-hora-diaria-de-tela-para-usuarios-menores-de-18-anos\/\"]}]},{\"@type\":[\"Person\"],\"@id\":\"https:\/\/suaescolaideal.com.br\/blog\/#\/schema\/person\/af89d87ab6264ef3d4936df241a21546\",\"name\":\"Helena Leit\\u00e3o\",\"image\":{\"@type\":\"ImageObject\",\"@id\":\"https:\/\/suaescolaideal.com.br\/blog\/#personlogo\",\"inLanguage\":\"pt-BR\",\"url\":\"https:\/\/secure.gravatar.com\/avatar\/7577845512a58d3fd4211cbb9e77a677?s=96&d=mm&r=g\",\"caption\":\"Helena Leit\\u00e3o\"}}]}<\/script>\n<!-- \/ Yoast SEO Premium plugin. -->","_links":{"self":[{"href":"https:\/\/suaescolaideal.com.br\/blog\/wp-json\/wp\/v2\/posts\/6787"}],"collection":[{"href":"https:\/\/suaescolaideal.com.br\/blog\/wp-json\/wp\/v2\/posts"}],"about":[{"href":"https:\/\/suaescolaideal.com.br\/blog\/wp-json\/wp\/v2\/types\/post"}],"author":[{"embeddable":true,"href":"https:\/\/suaescolaideal.com.br\/blog\/wp-json\/wp\/v2\/users\/2"}],"replies":[{"embeddable":true,"href":"https:\/\/suaescolaideal.com.br\/blog\/wp-json\/wp\/v2\/comments?post=6787"}],"version-history":[{"count":6,"href":"https:\/\/suaescolaideal.com.br\/blog\/wp-json\/wp\/v2\/posts\/6787\/revisions"}],"predecessor-version":[{"id":6800,"href":"https:\/\/suaescolaideal.com.br\/blog\/wp-json\/wp\/v2\/posts\/6787\/revisions\/6800"}],"wp:featuredmedia":[{"embeddable":true,"href":"https:\/\/suaescolaideal.com.br\/blog\/wp-json\/wp\/v2\/media\/6788"}],"wp:attachment":[{"href":"https:\/\/suaescolaideal.com.br\/blog\/wp-json\/wp\/v2\/media?parent=6787"}],"wp:term":[{"taxonomy":"category","embeddable":true,"href":"https:\/\/suaescolaideal.com.br\/blog\/wp-json\/wp\/v2\/categories?post=6787"},{"taxonomy":"post_tag","embeddable":true,"href":"https:\/\/suaescolaideal.com.br\/blog\/wp-json\/wp\/v2\/tags?post=6787"},{"taxonomy":"yst_prominent_words","embeddable":true,"href":"https:\/\/suaescolaideal.com.br\/blog\/wp-json\/wp\/v2\/yst_prominent_words?post=6787"}],"curies":[{"name":"wp","href":"https:\/\/api.w.org\/{rel}","templated":true}]}}