{"id":6715,"date":"2022-06-10T13:55:15","date_gmt":"2022-06-10T16:55:15","guid":{"rendered":"https:\/\/suaescolaideal.com.br\/blog\/?p=6715"},"modified":"2022-06-10T13:57:02","modified_gmt":"2022-06-10T16:57:02","slug":"oi-amplia-programa-de-contratacao-de-jovens-do-nave-e-posiciona-escolas-como-celeiro-de-talentos-para-mercado-de-tecnologia","status":"publish","type":"post","link":"https:\/\/suaescolaideal.com.br\/blog\/escolas\/2022\/06\/oi-amplia-programa-de-contratacao-de-jovens-do-nave-e-posiciona-escolas-como-celeiro-de-talentos-para-mercado-de-tecnologia\/","title":{"rendered":"Oi amplia programa de contrata\u00e7\u00e3o de jovens do NAVE e posiciona escolas como celeiro de talentos para mercado de tecnologia"},"content":{"rendered":"<div class=\"x_x_elementToProof\">\n<div dir=\"ltr\">\n<div>\n<div>\n<div>\n<div>\n<div>\n<div>\n<div>\n<div>\n<div>\n<p align=\"center\"><img loading=\"lazy\" class=\"alignnone wp-image-6716\" src=\"https:\/\/suaescolaideal.com.br\/blog\/wp-content\/uploads\/2022\/06\/Projeto-Nave_Oi-Futuro-2-300x172.jpg\" alt=\"\" width=\"509\" height=\"292\" srcset=\"https:\/\/suaescolaideal.com.br\/blog\/wp-content\/uploads\/2022\/06\/Projeto-Nave_Oi-Futuro-2-300x172.jpg 300w, https:\/\/suaescolaideal.com.br\/blog\/wp-content\/uploads\/2022\/06\/Projeto-Nave_Oi-Futuro-2.jpg 511w\" sizes=\"(max-width: 509px) 100vw, 509px\" \/><\/p>\n<p style=\"text-align: left;\" align=\"center\"><em>Com processos de sele\u00e7\u00e3o e contrata\u00e7\u00e3o diferenciados, Gera\u00e7\u00e3o NAVE j\u00e1 inseriu 48 ex-alunos de escolas p\u00fablicas em posi\u00e7\u00f5es estrat\u00e9gicas na Oi, com atua\u00e7\u00e3o na transforma\u00e7\u00e3o digital da companhia, desde 2018. \u00a0<\/em><\/p>\n<p style=\"text-align: left;\">Com o aquecimento do mercado de tecnologia e inova\u00e7\u00e3o alavancado pela pandemia, empresas do setor enfrentam o desafio de captar profissionais qualificados para atuarem em \u00e1reas emergentes do mundo digital, como Intelig\u00eancia Artificial, Machine Learning e Data Analytics. Segundo levantamento da Associa\u00e7\u00e3o Brasileira das Empresas de Tecnologia da Informa\u00e7\u00e3o e Comunica\u00e7\u00e3o (Brasscom), a previs\u00e3o \u00e9 de que at\u00e9 2025 o pa\u00eds abrir\u00e1 cerca de 797 mil novos postos de trabalho na \u00e1rea de tecnologia, com um d\u00e9ficit de cerca de 300 mil profissionais nessa \u00e1rea at\u00e9 2024.<\/p>\n<p style=\"text-align: left;\">Nesse sentido, a Oi e o <a href=\"https:\/\/oifuturo.org.br\/programas\/nave\/\">NAVE<\/a> (N\u00facleo Avan\u00e7ado em Educa\u00e7\u00e3o) se uniram para criar o Gera\u00e7\u00e3o NAVE, voltado para a sele\u00e7\u00e3o e contrata\u00e7\u00e3o de ex-alunos das escolas p\u00fablicas que integram o NAVE, programa de educa\u00e7\u00e3o com foco em carreiras da economia digital \u2013 desenvolvido h\u00e1 16 anos pelo instituto Oi Futuro em parceria com os Governos de Pernambuco e Rio de Janeiro. Por meio do Gera\u00e7\u00e3o NAVE, a Oi acaba de contratar 15 rec\u00e9m-formados do NAVE como residentes digitais, em posi\u00e7\u00f5es que contribuem estrategicamente para a transforma\u00e7\u00e3o digital da companhia.<\/p>\n<p style=\"text-align: left;\">O recrutamento \u00e9 estruturado por um processo de sele\u00e7\u00e3o inovador, que inclui um hackaton para testar a criatividade dos candidatos. Depois de contratados, os jovens t\u00eam um acompanhamento cont\u00ednuo, com mentorias e workshops de desenvolvimento de carreira ao longo do primeiro ano na empresa. A ideia \u00e9 que o Gera\u00e7\u00e3o NAVE seja ampliado para al\u00e9m da Oi, conectando outras empresas de tecnologia e inova\u00e7\u00e3o aos alunos do NAVE e posicionando o programa de educa\u00e7\u00e3o do Oi Futuro como um verdadeiro celeiro de talentos para o setor. &#8220;O programa Gera\u00e7\u00e3o NAVE abre as portas do mercado de trabalho para esses jovens e, ao mesmo tempo, traz a inova\u00e7\u00e3o em ess\u00eancia para dentro da Oi, renovando o ambiente corporativo com novos talentos e diversidade, fortalecendo dentro da companhia o mindset \u00e1gil e o esp\u00edrito empreendedor vivenciados ao longo da forma\u00e7\u00e3o nas escolas NAVE&#8221; diz Ariane Fonseca Vieira, Diretora de Jornada e Experi\u00eancia do Colaborador da Oi.<\/p>\n<p style=\"text-align: left;\">Al\u00e9m de atender \u00e0s demandas crescentes do mercado de trabalho contempor\u00e2neo, o Gera\u00e7\u00e3o NAVE \u00e9 uma a\u00e7\u00e3o de investimento social, j\u00e1 que impulsiona a empregabilidade, o desenvolvimento de carreira e abre novas possibilidades de futuro para alunos da rede p\u00fablica. &#8220;H\u00e1 16 anos, o programa NAVE foi criado e desenvolvido com base nas ideias de que o estudante deve estar no centro do processo ensino e aprendizagem e que a educa\u00e7\u00e3o deve impulsionar o potencial criativo das pessoas, estimulando a inova\u00e7\u00e3o e o di\u00e1logo com as linguagens contempor\u00e2neas. Assim, o NAVE foi concebido como um ambiente escolar prop\u00edcio para a prototipagem e a concretiza\u00e7\u00e3o de ideias. Com o Gera\u00e7\u00e3o NAVE, buscamos levar esse esp\u00edrito para dentro das empresas e abrir novas oportunidades para nossos estudantes, posicionando-os como agentes de mudan\u00e7a no mercado, na sociedade e em suas pr\u00f3prias trajet\u00f3rias&#8221;, diz Sara Crosman, presidente do Instituto Oi Futuro.<\/p>\n<p style=\"text-align: left;\">Em 2022, o processo de sele\u00e7\u00e3o do Gera\u00e7\u00e3o NAVE recebeu 175 inscri\u00e7\u00f5es e selecionou 15 jovens, que foram contratados pela Oi como residentes digitais, integrando os times das diretorias de Tecnologia &amp; Opera\u00e7\u00f5es, Estrat\u00e9gia &amp; Experi\u00eancia do Cliente, Novas Receitas e Pessoas &amp; Cultura, onde poder\u00e3o contribuir para a constru\u00e7\u00e3o da Nova Oi. Na companhia, os jovens ter\u00e3o uma trilha de desenvolvimento, em que v\u00e3o receber mentorias e participar de workshops diversos. Desde 2028, 48 jovens foram contratados pela Oi por meio do Gera\u00e7\u00e3o NAVE.<\/p>\n<p style=\"text-align: left;\"><strong>Sobre o <a href=\"https:\/\/oifuturo.org.br\/programas\/nave\/\">NAVE\u00a0<\/a><\/strong><\/p>\n<p style=\"text-align: left;\">Criado h\u00e1 16 anos pelo Oi Futuro, instituto de inova\u00e7\u00e3o e criatividade da Oi para impacto social, o NAVE \u00e9 um programa de ensino m\u00e9dio integrado ao profissional desenvolvido pelo Oi Futuro em parceria com as Secretarias de Estado de Educa\u00e7\u00e3o do Rio de Janeiro e Pernambuco. O NAVE traduz o compromisso da Oi com quest\u00f5es sociais, integra a agenda ESG (Ambiental, Social e Governan\u00e7a) da companhia e endere\u00e7a as ODS (Objetivos de Desenvolvimento Sustent\u00e1vel) da Organiza\u00e7\u00e3o das Na\u00e7\u00f5es Unidas (ONU).<\/p>\n<p style=\"text-align: left;\">Com mais de 3 mil jovens formados, o programa \u00e9 desenvolvido em duas escolas p\u00fablicas e tempo integral, em Recife, desde 2006, e no Rio, desde 2008. As escolas NAVE funcionam como espa\u00e7os de cria\u00e7\u00e3o e experimenta\u00e7\u00e3o de metodologias pedag\u00f3gicas inovadoras, disseminadas para escolas de todo o pa\u00eds por meio da capacita\u00e7\u00e3o de educadores e de publica\u00e7\u00f5es digitais distribu\u00eddas gratuitamente. O NAVE j\u00e1 formou mais de 4.900 professores das redes p\u00fablicas de todas as regi\u00f5es do pa\u00eds em cursos de Cultura Digital e Rob\u00f3tica Educacional.<\/p>\n<p>Saiba mais: <a href=\"https:\/\/oifuturo.org.br\/programas\/nave\/\">https:\/\/oifuturo.org.br\/programas\/nave\/<\/a><\/p>\n<\/div>\n<\/div>\n<\/div>\n<\/div>\n<\/div>\n<\/div>\n<\/div>\n<\/div>\n<\/div>\n<\/div>\n<\/div>\n","protected":false},"excerpt":{"rendered":"<p>Com processos de sele\u00e7\u00e3o e contrata\u00e7\u00e3o diferenciados, Gera\u00e7\u00e3o NAVE j\u00e1 inseriu 48 ex-alunos de escolas p\u00fablicas em posi\u00e7\u00f5es estrat\u00e9gicas na Oi, com atua\u00e7\u00e3o na transforma\u00e7\u00e3o&#8230;<\/p>\n","protected":false},"author":2,"featured_media":6716,"comment_status":"open","ping_status":"open","sticky":false,"template":"","format":"standard","meta":[],"categories":[26,223,222],"tags":[1178,1177,862,1175,1176,1180,1179],"yst_prominent_words":[],"yoast_head":"<!-- This site is optimized with the Yoast SEO Premium plugin v14.5 - https:\/\/yoast.com\/wordpress\/plugins\/seo\/ -->\n<title>Oi amplia programa de contrata\u00e7\u00e3o de jovens do NAVE e posiciona escolas como celeiro de talentos para mercado de tecnologia - Blog - Sua Escola Ideal<\/title>\n<meta name=\"robots\" content=\"index, follow\" \/>\n<meta name=\"googlebot\" content=\"index, follow, max-snippet:-1, max-image-preview:large, max-video-preview:-1\" \/>\n<meta name=\"bingbot\" content=\"index, follow, max-snippet:-1, max-image-preview:large, max-video-preview:-1\" \/>\n<link rel=\"canonical\" href=\"https:\/\/suaescolaideal.com.br\/blog\/escolas\/2022\/06\/oi-amplia-programa-de-contratacao-de-jovens-do-nave-e-posiciona-escolas-como-celeiro-de-talentos-para-mercado-de-tecnologia\/\" \/>\n<meta property=\"og:locale\" content=\"pt_BR\" \/>\n<meta property=\"og:type\" content=\"article\" \/>\n<meta property=\"og:title\" content=\"Oi amplia programa de contrata\u00e7\u00e3o de jovens do NAVE e posiciona escolas como celeiro de talentos para mercado de tecnologia - Blog - Sua Escola Ideal\" \/>\n<meta property=\"og:description\" content=\"Com processos de sele\u00e7\u00e3o e contrata\u00e7\u00e3o diferenciados, Gera\u00e7\u00e3o NAVE j\u00e1 inseriu 48 ex-alunos de escolas p\u00fablicas em posi\u00e7\u00f5es estrat\u00e9gicas na Oi, com atua\u00e7\u00e3o na transforma\u00e7\u00e3o...\" \/>\n<meta property=\"og:url\" content=\"https:\/\/suaescolaideal.com.br\/blog\/escolas\/2022\/06\/oi-amplia-programa-de-contratacao-de-jovens-do-nave-e-posiciona-escolas-como-celeiro-de-talentos-para-mercado-de-tecnologia\/\" \/>\n<meta property=\"og:site_name\" content=\"Blog - Sua Escola Ideal\" \/>\n<meta property=\"article:publisher\" content=\"https:\/\/www.facebook.com\/suaescolaideal\/\" \/>\n<meta property=\"article:published_time\" content=\"2022-06-10T16:55:15+00:00\" \/>\n<meta property=\"article:modified_time\" content=\"2022-06-10T16:57:02+00:00\" \/>\n<meta property=\"og:image\" content=\"https:\/\/suaescolaideal.com.br\/blog\/wp-content\/uploads\/2022\/06\/Projeto-Nave_Oi-Futuro-2.jpg\" \/>\n\t<meta property=\"og:image:width\" content=\"511\" \/>\n\t<meta property=\"og:image:height\" content=\"293\" \/>\n<meta name=\"twitter:card\" content=\"summary_large_image\" \/>\n<script type=\"application\/ld+json\" class=\"yoast-schema-graph\">{\"@context\":\"https:\/\/schema.org\",\"@graph\":[{\"@type\":\"WebSite\",\"@id\":\"https:\/\/suaescolaideal.com.br\/blog\/#website\",\"url\":\"https:\/\/suaescolaideal.com.br\/blog\/\",\"name\":\"Sua Escola Ideal - Encontre a melhor escola para o seu filho\",\"description\":\"Conte\\u00fado sobre educa\\u00e7\\u00e3o\",\"potentialAction\":[{\"@type\":\"SearchAction\",\"target\":\"https:\/\/suaescolaideal.com.br\/blog\/?s={search_term_string}\",\"query-input\":\"required name=search_term_string\"}],\"inLanguage\":\"pt-BR\"},{\"@type\":\"ImageObject\",\"@id\":\"https:\/\/suaescolaideal.com.br\/blog\/escolas\/2022\/06\/oi-amplia-programa-de-contratacao-de-jovens-do-nave-e-posiciona-escolas-como-celeiro-de-talentos-para-mercado-de-tecnologia\/#primaryimage\",\"inLanguage\":\"pt-BR\",\"url\":\"https:\/\/suaescolaideal.com.br\/blog\/wp-content\/uploads\/2022\/06\/Projeto-Nave_Oi-Futuro-2.jpg\",\"width\":511,\"height\":293},{\"@type\":\"WebPage\",\"@id\":\"https:\/\/suaescolaideal.com.br\/blog\/escolas\/2022\/06\/oi-amplia-programa-de-contratacao-de-jovens-do-nave-e-posiciona-escolas-como-celeiro-de-talentos-para-mercado-de-tecnologia\/#webpage\",\"url\":\"https:\/\/suaescolaideal.com.br\/blog\/escolas\/2022\/06\/oi-amplia-programa-de-contratacao-de-jovens-do-nave-e-posiciona-escolas-como-celeiro-de-talentos-para-mercado-de-tecnologia\/\",\"name\":\"Oi amplia programa de contrata\\u00e7\\u00e3o de jovens do NAVE e posiciona escolas como celeiro de talentos para mercado de tecnologia - Blog - Sua Escola Ideal\",\"isPartOf\":{\"@id\":\"https:\/\/suaescolaideal.com.br\/blog\/#website\"},\"primaryImageOfPage\":{\"@id\":\"https:\/\/suaescolaideal.com.br\/blog\/escolas\/2022\/06\/oi-amplia-programa-de-contratacao-de-jovens-do-nave-e-posiciona-escolas-como-celeiro-de-talentos-para-mercado-de-tecnologia\/#primaryimage\"},\"datePublished\":\"2022-06-10T16:55:15+00:00\",\"dateModified\":\"2022-06-10T16:57:02+00:00\",\"author\":{\"@id\":\"https:\/\/suaescolaideal.com.br\/blog\/#\/schema\/person\/af89d87ab6264ef3d4936df241a21546\"},\"inLanguage\":\"pt-BR\",\"potentialAction\":[{\"@type\":\"ReadAction\",\"target\":[\"https:\/\/suaescolaideal.com.br\/blog\/escolas\/2022\/06\/oi-amplia-programa-de-contratacao-de-jovens-do-nave-e-posiciona-escolas-como-celeiro-de-talentos-para-mercado-de-tecnologia\/\"]}]},{\"@type\":[\"Person\"],\"@id\":\"https:\/\/suaescolaideal.com.br\/blog\/#\/schema\/person\/af89d87ab6264ef3d4936df241a21546\",\"name\":\"Helena Leit\\u00e3o\",\"image\":{\"@type\":\"ImageObject\",\"@id\":\"https:\/\/suaescolaideal.com.br\/blog\/#personlogo\",\"inLanguage\":\"pt-BR\",\"url\":\"https:\/\/secure.gravatar.com\/avatar\/7577845512a58d3fd4211cbb9e77a677?s=96&d=mm&r=g\",\"caption\":\"Helena Leit\\u00e3o\"}}]}<\/script>\n<!-- \/ Yoast SEO Premium plugin. -->","_links":{"self":[{"href":"https:\/\/suaescolaideal.com.br\/blog\/wp-json\/wp\/v2\/posts\/6715"}],"collection":[{"href":"https:\/\/suaescolaideal.com.br\/blog\/wp-json\/wp\/v2\/posts"}],"about":[{"href":"https:\/\/suaescolaideal.com.br\/blog\/wp-json\/wp\/v2\/types\/post"}],"author":[{"embeddable":true,"href":"https:\/\/suaescolaideal.com.br\/blog\/wp-json\/wp\/v2\/users\/2"}],"replies":[{"embeddable":true,"href":"https:\/\/suaescolaideal.com.br\/blog\/wp-json\/wp\/v2\/comments?post=6715"}],"version-history":[{"count":3,"href":"https:\/\/suaescolaideal.com.br\/blog\/wp-json\/wp\/v2\/posts\/6715\/revisions"}],"predecessor-version":[{"id":6719,"href":"https:\/\/suaescolaideal.com.br\/blog\/wp-json\/wp\/v2\/posts\/6715\/revisions\/6719"}],"wp:featuredmedia":[{"embeddable":true,"href":"https:\/\/suaescolaideal.com.br\/blog\/wp-json\/wp\/v2\/media\/6716"}],"wp:attachment":[{"href":"https:\/\/suaescolaideal.com.br\/blog\/wp-json\/wp\/v2\/media?parent=6715"}],"wp:term":[{"taxonomy":"category","embeddable":true,"href":"https:\/\/suaescolaideal.com.br\/blog\/wp-json\/wp\/v2\/categories?post=6715"},{"taxonomy":"post_tag","embeddable":true,"href":"https:\/\/suaescolaideal.com.br\/blog\/wp-json\/wp\/v2\/tags?post=6715"},{"taxonomy":"yst_prominent_words","embeddable":true,"href":"https:\/\/suaescolaideal.com.br\/blog\/wp-json\/wp\/v2\/yst_prominent_words?post=6715"}],"curies":[{"name":"wp","href":"https:\/\/api.w.org\/{rel}","templated":true}]}}