{"id":6671,"date":"2022-04-11T19:22:09","date_gmt":"2022-04-11T22:22:09","guid":{"rendered":"https:\/\/suaescolaideal.com.br\/blog\/?p=6671"},"modified":"2022-04-14T16:42:31","modified_gmt":"2022-04-14T19:42:31","slug":"como-identificar-os-primeiros-sinais-do-transtorno-de-imagem-corporal-na-infancia","status":"publish","type":"post","link":"https:\/\/suaescolaideal.com.br\/blog\/familias\/2022\/04\/como-identificar-os-primeiros-sinais-do-transtorno-de-imagem-corporal-na-infancia\/","title":{"rendered":"Como identificar os primeiros sinais do transtorno de imagem corporal na inf\u00e2ncia?"},"content":{"rendered":"<p><img loading=\"lazy\" class=\" wp-image-6672\" src=\"https:\/\/suaescolaideal.com.br\/blog\/wp-content\/uploads\/2022\/04\/iStock-665095342-300x200.jpg\" alt=\"\" width=\"501\" height=\"334\" srcset=\"https:\/\/suaescolaideal.com.br\/blog\/wp-content\/uploads\/2022\/04\/iStock-665095342-300x200.jpg 300w, https:\/\/suaescolaideal.com.br\/blog\/wp-content\/uploads\/2022\/04\/iStock-665095342-1024x683.jpg 1024w, https:\/\/suaescolaideal.com.br\/blog\/wp-content\/uploads\/2022\/04\/iStock-665095342-768x512.jpg 768w, https:\/\/suaescolaideal.com.br\/blog\/wp-content\/uploads\/2022\/04\/iStock-665095342-900x600.jpg 900w, https:\/\/suaescolaideal.com.br\/blog\/wp-content\/uploads\/2022\/04\/iStock-665095342.jpg 1254w\" sizes=\"(max-width: 501px) 100vw, 501px\" \/><\/p>\n<p>Todos queremos que nossos filhos desenvolvam uma imagem corporal positiva e uma rela\u00e7\u00e3o saud\u00e1vel com os alimentos. Por\u00e9m, as press\u00f5es de padr\u00f5es irrealistas veem afetando cada vez mais as crian\u00e7as, e causando transtornos de imagem corporal na inf\u00e2ncia.<\/p>\n<p>A maneira como as crian\u00e7as e os jovens pensam e sentem sobre seu corpo e sua apar\u00eancia pode afetar sua sa\u00fade mental de forma positiva e negativa. O grande problema \u00e9 que essa insatisfa\u00e7\u00e3o vem ocorrendo cada vez mais cedo.<\/p>\n<p>Se as crian\u00e7as sentirem que n\u00e3o atendem a certos padr\u00f5es ou que n\u00e3o s\u00e3o \u2018bons o suficiente\u2019 em alguns aspectos, isso pode afet\u00e1-los negativamente. Nesse aspecto, saber identificar os primeiros sinais desse transtorno de imagem corporal pode ser um grande passo para se evitar problemas futuros.<\/p>\n<h3><strong>Como a imagem corporal afeta a sa\u00fade mental<\/strong><\/h3>\n<p>Ser positivo para o corpo pode apoiar a sa\u00fade mental e f\u00edsica, aumentando a confian\u00e7a e ajudando crian\u00e7as a desenvolver uma imagem saud\u00e1vel de si mesmos.<\/p>\n<p>N\u00e3o medir seu valor com base em sua apar\u00eancia pode aumentar o bem-estar geral e significa que as crian\u00e7as e os jovens s\u00e3o mais propensos a vincular seu valor pr\u00f3prio e sua autoimagem \u00e0s suas caracter\u00edsticas internas, em vez de externas.<\/p>\n<p>Uma imagem corporal negativa ou insatisfa\u00e7\u00e3o corporal \u2014 tamb\u00e9m chamada de dismorfia corporal \u2014 pode influenciar uma crian\u00e7a de v\u00e1rias maneiras. Isso pode incluir:<\/p>\n<ul>\n<li>baixa autoestima<\/li>\n<li>n\u00edveis mais baixos de confian\u00e7a<\/li>\n<li>n\u00edveis aumentados de ansiedade<\/li>\n<li>depress\u00e3o ou baixo humor<\/li>\n<li>autopercep\u00e7\u00e3o pobre<\/li>\n<li>auto pensamentos cr\u00edticos<\/li>\n<li>isolamento social ou retraimento<\/li>\n<li>comportamento de autoagress\u00e3o<\/li>\n<\/ul>\n<h3><strong>Mas como identificar os sinais?<\/strong><\/h3>\n<p>\u00c9 normal que crian\u00e7as se comparem aos outros. Ali\u00e1s, isso \u00e9 especialmente verdadeiro \u00e0 medida que as crian\u00e7as ficam mais velhas. Seus corpos come\u00e7am a mudar e elas se tornam mais conscientes da press\u00e3o social para ter uma determinada apar\u00eancia.<\/p>\n<p>Existem algumas coisas que podem ser observadas, auxiliando a identifica\u00e7\u00e3o de um transtorno de imagem corporal na inf\u00e2ncia. Entre eles, est\u00e3o:<\/p>\n<ul>\n<li>sentir-se excessivamente preocupado com sua apar\u00eancia<\/li>\n<li>querer cobrir partes de seu corpo porque se sentem constrangidos<\/li>\n<li>n\u00e3o querer participar da educa\u00e7\u00e3o f\u00edsica na escola<\/li>\n<li>ser intimidado pela apar\u00eancia \u2014 ou seus colegas fazendo coment\u00e1rios negativos<\/li>\n<li>ter padr\u00f5es de pensamento r\u00edgidos sobre o que \u00e9 \u201cbom\u201d versus \u201cruim\u201d<\/li>\n<li>recusar tipos de comida porque \u2018me engorda\u2019<\/li>\n<li>mudan\u00e7as em seu funcionamento social ou intera\u00e7\u00e3o<\/li>\n<li>mudan\u00e7as de humor<\/li>\n<li>controle do que e quando comer<\/li>\n<\/ul>\n<h3><strong>O que afeta a imagem corporal na inf\u00e2ncia?<\/strong><\/h3>\n<p>As crian\u00e7as aprendem sobre a imagem corporal \u2014 e desenvolvem ansiedade sobre sua apar\u00eancia \u2014 de uma variedade de fontes. Entre elas est\u00e3o pais, amigos e colegas, e as redes sociais.<\/p>\n<p>Nesse sentido, os pais podem desempenhar um papel crucial no incentivo \u00e0 boa imagem corporal dos filhos. Aqui est\u00e3o algumas dicas para manter em mente:<\/p>\n<h3><strong>Cuidado com as palavras<\/strong><\/h3>\n<p>N\u00e3o diga coisas como \u201cEu pare\u00e7o muito gordo com isso\u201d ou \u201cN\u00e3o posso comer isso porque me engorda\u201d. Seu filho est\u00e1 ouvindo e aprendendo com voc\u00ea. Al\u00e9m disso, estudo descobriu que crian\u00e7as de 5 a 8 anos que pensam que suas m\u00e3es est\u00e3o infelizes com seus corpos t\u00eam maior probabilidade de ficarem insatisfeitas com seus pr\u00f3prios corpos. Mostre confian\u00e7a em seu corpo e em voc\u00ea mesmo.<\/p>\n<h3><strong>Tente n\u00e3o se concentrar na apar\u00eancia<\/strong><\/h3>\n<p>N\u00e3o fale sobre a apar\u00eancia das pessoas e seus corpos e concentre-se em coisas mais importantes sobre uma pessoa, como o qu\u00e3o bondosa ou caridosa ela \u00e9, se ela tem boas maneiras ou trabalha muito.<\/p>\n<h3><strong>Atividade f\u00edsica e alimenta\u00e7\u00e3o<\/strong><\/h3>\n<p>Passe o tempo com as crian\u00e7as fazendo atividades ativas, como brincar ao ar livre, andar de bicicleta e ir ao parque. Quando voc\u00ea for \u00e0s compras, deixe as crian\u00e7as ajud\u00e1-lo e mostre que alimentar-se \u00e9 algo natural.<\/p>\n<h3><strong>Examine seus brinquedos<\/strong><\/h3>\n<p>D\u00ea uma olhada nos bonecos de a\u00e7\u00e3o no ba\u00fa de brinquedos do seu filho. Eles t\u00eam m\u00fasculos protuberantes irrealistas? As bonecas do quarto da sua filha t\u00eam propor\u00e7\u00f5es que n\u00e3o s\u00e3o humanamente poss\u00edveis?<\/p>\n<p>Desse modo, tente mudar esses brinquedos ou pelo menos equilibr\u00e1-los com representa\u00e7\u00f5es mais realistas do corpo humano. Melhor ainda, fa\u00e7a um estoque de jogos de tabuleiro, quebra-cabe\u00e7as e \u00f3timos livros para crian\u00e7as.<\/p>\n<h3><strong>Fale sobre estere\u00f3tipos de g\u00eanero <\/strong><\/h3>\n<p>Veja o conte\u00fado com seu filho e quando vir comerciais, programas de TV ou filmes que mostram mulheres em fantasias m\u00ednimas ou que fazem com que alimentos n\u00e3o saud\u00e1veis pare\u00e7am tentadores, converse sobre o que h\u00e1 de errado com essas imagens.<\/p>\n<h3><strong>Limite o tempo de uso<\/strong><\/h3>\n<p>Estudos demonstraram que diminuir o tempo na tela pode reduzir o risco de obesidade nas crian\u00e7as e at\u00e9 melhorar as notas. Por exemplo, ensine as crian\u00e7as a ver an\u00fancios de junk food, que agora est\u00e3o at\u00e9 mesmo acompanhando as crian\u00e7as online, com uma compreens\u00e3o do que est\u00e3o tentando vender e fale sobre porque esses alimentos fazem mal \u00e0 sa\u00fade.<\/p>\n<h3><strong>Permita que a crian\u00e7a seja feliz!<\/strong><\/h3>\n<p>Em s\u00edntese, o transtorno de imagem corporal na inf\u00e2ncia \u00e9 um momento doloroso tanto para as crian\u00e7as quanto para os pais, que veem seus filhos sofrerem. Mas caso perceba que ele n\u00e3o sente-se bem com seu corpo, procure tamb\u00e9m identificar a origem: pode ser um dos pontos mencionados acima, ou mesmo na rela\u00e7\u00e3o com colegas na escola.<\/p>\n<p>Mantenha sempre um canal de comunica\u00e7\u00e3o aberto com as crian\u00e7as, para que eles possam manifestar suas ang\u00fastias. Dessa forma, torna-se tamb\u00e9m mais f\u00e1cil identificar os transtornos de imagem.<\/p>\n<p>Espero que minhas dicas tenham sido uteis e na d\u00favida, procure ajude especializada.<\/p>\n<p>Um abra\u00e7o e at\u00e9 mais,<\/p>\n<p>Dra Bianca Thurm \u00e9 refer\u00eancia no tratamento de Distor\u00e7\u00e3o de Imagem Corporal,\u00a0 criadora da metodologia MBT, pesquisadora e integrante da equipe multidisciplinar do AMBULIM IPq FMUSP e colaboradora de conte\u00fados do <a href=\"https:\/\/suaescolaideal.com.br\/fornecedor\/kogno-vila-madalena\">Kogno Vila Madalena<\/a><\/p>\n","protected":false},"excerpt":{"rendered":"<p>Todos queremos que nossos filhos desenvolvam uma imagem corporal positiva e uma rela\u00e7\u00e3o saud\u00e1vel com os alimentos. Por\u00e9m, as press\u00f5es de padr\u00f5es irrealistas veem afetando&#8230;<\/p>\n","protected":false},"author":1,"featured_media":6672,"comment_status":"open","ping_status":"open","sticky":false,"template":"","format":"standard","meta":[],"categories":[222],"tags":[1156,1155,1158,1157,1153,1154],"yst_prominent_words":[],"yoast_head":"<!-- This site is optimized with the Yoast SEO Premium plugin v14.5 - https:\/\/yoast.com\/wordpress\/plugins\/seo\/ -->\n<title>Como identificar os primeiros sinais do transtorno de imagem corporal na inf\u00e2ncia? - Blog - Sua Escola Ideal<\/title>\n<meta name=\"robots\" content=\"index, follow\" \/>\n<meta name=\"googlebot\" content=\"index, follow, max-snippet:-1, max-image-preview:large, max-video-preview:-1\" \/>\n<meta name=\"bingbot\" content=\"index, follow, max-snippet:-1, max-image-preview:large, max-video-preview:-1\" \/>\n<link rel=\"canonical\" href=\"https:\/\/suaescolaideal.com.br\/blog\/familias\/2022\/04\/como-identificar-os-primeiros-sinais-do-transtorno-de-imagem-corporal-na-infancia\/\" \/>\n<meta property=\"og:locale\" content=\"pt_BR\" \/>\n<meta property=\"og:type\" content=\"article\" \/>\n<meta property=\"og:title\" content=\"Como identificar os primeiros sinais do transtorno de imagem corporal na inf\u00e2ncia? - Blog - Sua Escola Ideal\" \/>\n<meta property=\"og:description\" content=\"Todos queremos que nossos filhos desenvolvam uma imagem corporal positiva e uma rela\u00e7\u00e3o saud\u00e1vel com os alimentos. Por\u00e9m, as press\u00f5es de padr\u00f5es irrealistas veem afetando...\" \/>\n<meta property=\"og:url\" content=\"https:\/\/suaescolaideal.com.br\/blog\/familias\/2022\/04\/como-identificar-os-primeiros-sinais-do-transtorno-de-imagem-corporal-na-infancia\/\" \/>\n<meta property=\"og:site_name\" content=\"Blog - Sua Escola Ideal\" \/>\n<meta property=\"article:publisher\" content=\"https:\/\/www.facebook.com\/suaescolaideal\/\" \/>\n<meta property=\"article:published_time\" content=\"2022-04-11T22:22:09+00:00\" \/>\n<meta property=\"article:modified_time\" content=\"2022-04-14T19:42:31+00:00\" \/>\n<meta property=\"og:image\" content=\"https:\/\/suaescolaideal.com.br\/blog\/wp-content\/uploads\/2022\/04\/iStock-665095342.jpg\" \/>\n\t<meta property=\"og:image:width\" content=\"1254\" \/>\n\t<meta property=\"og:image:height\" content=\"836\" \/>\n<meta name=\"twitter:card\" content=\"summary_large_image\" \/>\n<script type=\"application\/ld+json\" class=\"yoast-schema-graph\">{\"@context\":\"https:\/\/schema.org\",\"@graph\":[{\"@type\":\"WebSite\",\"@id\":\"https:\/\/suaescolaideal.com.br\/blog\/#website\",\"url\":\"https:\/\/suaescolaideal.com.br\/blog\/\",\"name\":\"Sua Escola Ideal - Encontre a melhor escola para o seu filho\",\"description\":\"Conte\\u00fado sobre educa\\u00e7\\u00e3o\",\"potentialAction\":[{\"@type\":\"SearchAction\",\"target\":\"https:\/\/suaescolaideal.com.br\/blog\/?s={search_term_string}\",\"query-input\":\"required name=search_term_string\"}],\"inLanguage\":\"pt-BR\"},{\"@type\":\"ImageObject\",\"@id\":\"https:\/\/suaescolaideal.com.br\/blog\/familias\/2022\/04\/como-identificar-os-primeiros-sinais-do-transtorno-de-imagem-corporal-na-infancia\/#primaryimage\",\"inLanguage\":\"pt-BR\",\"url\":\"https:\/\/suaescolaideal.com.br\/blog\/wp-content\/uploads\/2022\/04\/iStock-665095342.jpg\",\"width\":1254,\"height\":836,\"caption\":\"LIttle girl in glasses looking in the mirror.\"},{\"@type\":\"WebPage\",\"@id\":\"https:\/\/suaescolaideal.com.br\/blog\/familias\/2022\/04\/como-identificar-os-primeiros-sinais-do-transtorno-de-imagem-corporal-na-infancia\/#webpage\",\"url\":\"https:\/\/suaescolaideal.com.br\/blog\/familias\/2022\/04\/como-identificar-os-primeiros-sinais-do-transtorno-de-imagem-corporal-na-infancia\/\",\"name\":\"Como identificar os primeiros sinais do transtorno de imagem corporal na inf\\u00e2ncia? - Blog - Sua Escola Ideal\",\"isPartOf\":{\"@id\":\"https:\/\/suaescolaideal.com.br\/blog\/#website\"},\"primaryImageOfPage\":{\"@id\":\"https:\/\/suaescolaideal.com.br\/blog\/familias\/2022\/04\/como-identificar-os-primeiros-sinais-do-transtorno-de-imagem-corporal-na-infancia\/#primaryimage\"},\"datePublished\":\"2022-04-11T22:22:09+00:00\",\"dateModified\":\"2022-04-14T19:42:31+00:00\",\"author\":{\"@id\":\"https:\/\/suaescolaideal.com.br\/blog\/#\/schema\/person\/66346b99bafe92fe8d241fd1ab881491\"},\"inLanguage\":\"pt-BR\",\"potentialAction\":[{\"@type\":\"ReadAction\",\"target\":[\"https:\/\/suaescolaideal.com.br\/blog\/familias\/2022\/04\/como-identificar-os-primeiros-sinais-do-transtorno-de-imagem-corporal-na-infancia\/\"]}]},{\"@type\":[\"Person\"],\"@id\":\"https:\/\/suaescolaideal.com.br\/blog\/#\/schema\/person\/66346b99bafe92fe8d241fd1ab881491\",\"name\":\"Equipe SEI\",\"image\":{\"@type\":\"ImageObject\",\"@id\":\"https:\/\/suaescolaideal.com.br\/blog\/#personlogo\",\"inLanguage\":\"pt-BR\",\"url\":\"https:\/\/suaescolaideal.com.br\/blog\/wp-content\/uploads\/2020\/05\/S\\u00edmbolo.png\",\"caption\":\"Equipe SEI\"}}]}<\/script>\n<!-- \/ Yoast SEO Premium plugin. -->","_links":{"self":[{"href":"https:\/\/suaescolaideal.com.br\/blog\/wp-json\/wp\/v2\/posts\/6671"}],"collection":[{"href":"https:\/\/suaescolaideal.com.br\/blog\/wp-json\/wp\/v2\/posts"}],"about":[{"href":"https:\/\/suaescolaideal.com.br\/blog\/wp-json\/wp\/v2\/types\/post"}],"author":[{"embeddable":true,"href":"https:\/\/suaescolaideal.com.br\/blog\/wp-json\/wp\/v2\/users\/1"}],"replies":[{"embeddable":true,"href":"https:\/\/suaescolaideal.com.br\/blog\/wp-json\/wp\/v2\/comments?post=6671"}],"version-history":[{"count":3,"href":"https:\/\/suaescolaideal.com.br\/blog\/wp-json\/wp\/v2\/posts\/6671\/revisions"}],"predecessor-version":[{"id":6675,"href":"https:\/\/suaescolaideal.com.br\/blog\/wp-json\/wp\/v2\/posts\/6671\/revisions\/6675"}],"wp:featuredmedia":[{"embeddable":true,"href":"https:\/\/suaescolaideal.com.br\/blog\/wp-json\/wp\/v2\/media\/6672"}],"wp:attachment":[{"href":"https:\/\/suaescolaideal.com.br\/blog\/wp-json\/wp\/v2\/media?parent=6671"}],"wp:term":[{"taxonomy":"category","embeddable":true,"href":"https:\/\/suaescolaideal.com.br\/blog\/wp-json\/wp\/v2\/categories?post=6671"},{"taxonomy":"post_tag","embeddable":true,"href":"https:\/\/suaescolaideal.com.br\/blog\/wp-json\/wp\/v2\/tags?post=6671"},{"taxonomy":"yst_prominent_words","embeddable":true,"href":"https:\/\/suaescolaideal.com.br\/blog\/wp-json\/wp\/v2\/yst_prominent_words?post=6671"}],"curies":[{"name":"wp","href":"https:\/\/api.w.org\/{rel}","templated":true}]}}