{"id":6645,"date":"2022-02-23T17:55:32","date_gmt":"2022-02-23T20:55:32","guid":{"rendered":"https:\/\/suaescolaideal.com.br\/blog\/?p=6645"},"modified":"2022-02-23T17:55:52","modified_gmt":"2022-02-23T20:55:52","slug":"a-importancia-da-socializacao-para-as-criancas","status":"publish","type":"post","link":"https:\/\/suaescolaideal.com.br\/blog\/familias\/2022\/02\/a-importancia-da-socializacao-para-as-criancas\/","title":{"rendered":"A import\u00e2ncia da socializa\u00e7\u00e3o para as crian\u00e7as"},"content":{"rendered":"<p><img loading=\"lazy\" class=\"alignnone wp-image-6649\" src=\"https:\/\/suaescolaideal.com.br\/blog\/wp-content\/uploads\/2022\/02\/pexels-artem-podrez-8087926-300x169.jpg\" alt=\"\" width=\"551\" height=\"311\" srcset=\"https:\/\/suaescolaideal.com.br\/blog\/wp-content\/uploads\/2022\/02\/pexels-artem-podrez-8087926-300x169.jpg 300w, https:\/\/suaescolaideal.com.br\/blog\/wp-content\/uploads\/2022\/02\/pexels-artem-podrez-8087926.jpg 640w\" sizes=\"(max-width: 551px) 100vw, 551px\" \/><\/p>\n<p>O desenvolvimento social est\u00e1 ligado a muitas outras partes do desenvolvimento geral da crian\u00e7a, e \u00e9 por isso que \u00e9 importante come\u00e7ar a socializa\u00e7\u00e3o com outras crian\u00e7as desde cedo.\u00a0A intera\u00e7\u00e3o social ajuda as crian\u00e7as pequenas a come\u00e7ar a desenvolver seu senso de identidade e a aprender o que os outros esperam delas.<\/p>\n<p>Colocar seu(sua) filho(a) para uma pr\u00e9-escola ou creche pode proporcionar a intera\u00e7\u00e3o social que eles precisam com crian\u00e7as de sua idade e ajud\u00e1-los(as) a alcan\u00e7ar outros marcos de desenvolvimento.<\/p>\n<p>Ao brincar com outras crian\u00e7as, seu(sua) filhos(a) aprende habilidades que o(a) acompanham por toda a vida.\u00a0As crian\u00e7as pequenas s\u00e3o egoc\u00eantricas por natureza.\u00a0Coloc\u00e1-las na pr\u00e9-escola ou na creche ajuda seu(sua) filho(a) a sair naturalmente dessa fase.<\/p>\n<p>Compartilhar, estabelecer limites e resolver problemas v\u00eam da socializa\u00e7\u00e3o e da intera\u00e7\u00e3o.\u00a0As crian\u00e7as aprendem a ter empatia por outras pessoas;\u00a0reconhecer quando seus amigos est\u00e3o tristes ou bravos ou mesmo felizes!\u00a0As crian\u00e7as eventualmente come\u00e7ar\u00e3o a usar essas habilidades em casa com seus pais, irm\u00e3os ou at\u00e9 mesmo com os animais de estima\u00e7\u00e3o.<\/p>\n<p>A pr\u00e9-escola do seu(sua) filho(a) tamb\u00e9m o(a) ajudar\u00e1 a aprender a disciplina e as consequ\u00eancias para seu comportamento.\u00a0\u00c0 medida que desenvolvem e captam pistas sociais, aprendem quais comportamentos ou rea\u00e7\u00f5es s\u00e3o apropriados e quais n\u00e3o s\u00e3o.\u00a0Ir \u00e0 pr\u00e9-escola ou creche lhes d\u00e1 a consist\u00eancia necess\u00e1ria para seu desenvolvimento social.\u00a0\u00c0 medida que seus pequeninos crescem, sua maturidade tamb\u00e9m.<\/p>\n<p>Muitas decis\u00f5es s\u00e3o tomadas para escolher a pr\u00e9-escola certa e o momento certo.\u00a0Mas estabelecer as bases para a socializa\u00e7\u00e3o e a resolu\u00e7\u00e3o de problemas \u00e9 absolutamente crucial em uma idade jovem.\u00a0A socializa\u00e7\u00e3o das crian\u00e7as \u00e9 outro fator que beneficia seu desenvolvimento e um ambiente de cuidado infantil pode apoiar isso!<\/p>\n<p>&nbsp;<\/p>\n<p>Texto Original: <a href=\"https:\/\/childrenscampus.com\/blog\/importance-socialization-kids\/\">Children\u00b4s Campus<\/a><\/p>\n","protected":false},"excerpt":{"rendered":"<p>O desenvolvimento social est\u00e1 ligado a muitas outras partes do desenvolvimento geral da crian\u00e7a, e \u00e9 por isso que \u00e9 importante come\u00e7ar a socializa\u00e7\u00e3o com&#8230;<\/p>\n","protected":false},"author":1,"featured_media":6649,"comment_status":"open","ping_status":"open","sticky":false,"template":"","format":"standard","meta":[],"categories":[222],"tags":[1147,1146,51,50,1148,1144,1145],"yst_prominent_words":[],"yoast_head":"<!-- This site is optimized with the Yoast SEO Premium plugin v14.5 - https:\/\/yoast.com\/wordpress\/plugins\/seo\/ -->\n<title>A import\u00e2ncia da socializa\u00e7\u00e3o para as crian\u00e7as - Blog - Sua Escola Ideal<\/title>\n<meta name=\"robots\" content=\"index, follow\" \/>\n<meta name=\"googlebot\" content=\"index, follow, max-snippet:-1, max-image-preview:large, max-video-preview:-1\" \/>\n<meta name=\"bingbot\" content=\"index, follow, max-snippet:-1, max-image-preview:large, max-video-preview:-1\" \/>\n<link rel=\"canonical\" href=\"https:\/\/suaescolaideal.com.br\/blog\/familias\/2022\/02\/a-importancia-da-socializacao-para-as-criancas\/\" \/>\n<meta property=\"og:locale\" content=\"pt_BR\" \/>\n<meta property=\"og:type\" content=\"article\" \/>\n<meta property=\"og:title\" content=\"A import\u00e2ncia da socializa\u00e7\u00e3o para as crian\u00e7as - Blog - Sua Escola Ideal\" \/>\n<meta property=\"og:description\" content=\"O desenvolvimento social est\u00e1 ligado a muitas outras partes do desenvolvimento geral da crian\u00e7a, e \u00e9 por isso que \u00e9 importante come\u00e7ar a socializa\u00e7\u00e3o com...\" \/>\n<meta property=\"og:url\" content=\"https:\/\/suaescolaideal.com.br\/blog\/familias\/2022\/02\/a-importancia-da-socializacao-para-as-criancas\/\" \/>\n<meta property=\"og:site_name\" content=\"Blog - Sua Escola Ideal\" \/>\n<meta property=\"article:publisher\" content=\"https:\/\/www.facebook.com\/suaescolaideal\/\" \/>\n<meta property=\"article:published_time\" content=\"2022-02-23T20:55:32+00:00\" \/>\n<meta property=\"article:modified_time\" content=\"2022-02-23T20:55:52+00:00\" \/>\n<meta property=\"og:image\" content=\"https:\/\/suaescolaideal.com.br\/blog\/wp-content\/uploads\/2022\/02\/pexels-artem-podrez-8087926.jpg\" \/>\n\t<meta property=\"og:image:width\" content=\"640\" \/>\n\t<meta property=\"og:image:height\" content=\"360\" \/>\n<meta name=\"twitter:card\" content=\"summary_large_image\" \/>\n<script type=\"application\/ld+json\" class=\"yoast-schema-graph\">{\"@context\":\"https:\/\/schema.org\",\"@graph\":[{\"@type\":\"WebSite\",\"@id\":\"https:\/\/suaescolaideal.com.br\/blog\/#website\",\"url\":\"https:\/\/suaescolaideal.com.br\/blog\/\",\"name\":\"Sua Escola Ideal - Encontre a melhor escola para o seu filho\",\"description\":\"Conte\\u00fado sobre educa\\u00e7\\u00e3o\",\"potentialAction\":[{\"@type\":\"SearchAction\",\"target\":\"https:\/\/suaescolaideal.com.br\/blog\/?s={search_term_string}\",\"query-input\":\"required name=search_term_string\"}],\"inLanguage\":\"pt-BR\"},{\"@type\":\"ImageObject\",\"@id\":\"https:\/\/suaescolaideal.com.br\/blog\/familias\/2022\/02\/a-importancia-da-socializacao-para-as-criancas\/#primaryimage\",\"inLanguage\":\"pt-BR\",\"url\":\"https:\/\/suaescolaideal.com.br\/blog\/wp-content\/uploads\/2022\/02\/pexels-artem-podrez-8087926.jpg\",\"width\":640,\"height\":360},{\"@type\":\"WebPage\",\"@id\":\"https:\/\/suaescolaideal.com.br\/blog\/familias\/2022\/02\/a-importancia-da-socializacao-para-as-criancas\/#webpage\",\"url\":\"https:\/\/suaescolaideal.com.br\/blog\/familias\/2022\/02\/a-importancia-da-socializacao-para-as-criancas\/\",\"name\":\"A import\\u00e2ncia da socializa\\u00e7\\u00e3o para as crian\\u00e7as - Blog - Sua Escola Ideal\",\"isPartOf\":{\"@id\":\"https:\/\/suaescolaideal.com.br\/blog\/#website\"},\"primaryImageOfPage\":{\"@id\":\"https:\/\/suaescolaideal.com.br\/blog\/familias\/2022\/02\/a-importancia-da-socializacao-para-as-criancas\/#primaryimage\"},\"datePublished\":\"2022-02-23T20:55:32+00:00\",\"dateModified\":\"2022-02-23T20:55:52+00:00\",\"author\":{\"@id\":\"https:\/\/suaescolaideal.com.br\/blog\/#\/schema\/person\/66346b99bafe92fe8d241fd1ab881491\"},\"inLanguage\":\"pt-BR\",\"potentialAction\":[{\"@type\":\"ReadAction\",\"target\":[\"https:\/\/suaescolaideal.com.br\/blog\/familias\/2022\/02\/a-importancia-da-socializacao-para-as-criancas\/\"]}]},{\"@type\":[\"Person\"],\"@id\":\"https:\/\/suaescolaideal.com.br\/blog\/#\/schema\/person\/66346b99bafe92fe8d241fd1ab881491\",\"name\":\"Equipe SEI\",\"image\":{\"@type\":\"ImageObject\",\"@id\":\"https:\/\/suaescolaideal.com.br\/blog\/#personlogo\",\"inLanguage\":\"pt-BR\",\"url\":\"https:\/\/suaescolaideal.com.br\/blog\/wp-content\/uploads\/2020\/05\/S\\u00edmbolo.png\",\"caption\":\"Equipe SEI\"}}]}<\/script>\n<!-- \/ Yoast SEO Premium plugin. -->","_links":{"self":[{"href":"https:\/\/suaescolaideal.com.br\/blog\/wp-json\/wp\/v2\/posts\/6645"}],"collection":[{"href":"https:\/\/suaescolaideal.com.br\/blog\/wp-json\/wp\/v2\/posts"}],"about":[{"href":"https:\/\/suaescolaideal.com.br\/blog\/wp-json\/wp\/v2\/types\/post"}],"author":[{"embeddable":true,"href":"https:\/\/suaescolaideal.com.br\/blog\/wp-json\/wp\/v2\/users\/1"}],"replies":[{"embeddable":true,"href":"https:\/\/suaescolaideal.com.br\/blog\/wp-json\/wp\/v2\/comments?post=6645"}],"version-history":[{"count":2,"href":"https:\/\/suaescolaideal.com.br\/blog\/wp-json\/wp\/v2\/posts\/6645\/revisions"}],"predecessor-version":[{"id":6650,"href":"https:\/\/suaescolaideal.com.br\/blog\/wp-json\/wp\/v2\/posts\/6645\/revisions\/6650"}],"wp:featuredmedia":[{"embeddable":true,"href":"https:\/\/suaescolaideal.com.br\/blog\/wp-json\/wp\/v2\/media\/6649"}],"wp:attachment":[{"href":"https:\/\/suaescolaideal.com.br\/blog\/wp-json\/wp\/v2\/media?parent=6645"}],"wp:term":[{"taxonomy":"category","embeddable":true,"href":"https:\/\/suaescolaideal.com.br\/blog\/wp-json\/wp\/v2\/categories?post=6645"},{"taxonomy":"post_tag","embeddable":true,"href":"https:\/\/suaescolaideal.com.br\/blog\/wp-json\/wp\/v2\/tags?post=6645"},{"taxonomy":"yst_prominent_words","embeddable":true,"href":"https:\/\/suaescolaideal.com.br\/blog\/wp-json\/wp\/v2\/yst_prominent_words?post=6645"}],"curies":[{"name":"wp","href":"https:\/\/api.w.org\/{rel}","templated":true}]}}