{"id":6547,"date":"2021-07-26T12:05:41","date_gmt":"2021-07-26T15:05:41","guid":{"rendered":"https:\/\/suaescolaideal.com.br\/blog\/?p=6547"},"modified":"2021-07-26T12:08:25","modified_gmt":"2021-07-26T15:08:25","slug":"qual-e-a-escola-ideal-para-oa-seusua-filhoa-fazer-uma-escolha-assertiva-e-mais-importante-agora-do-que-nunca","status":"publish","type":"post","link":"https:\/\/suaescolaideal.com.br\/blog\/familias\/2021\/07\/qual-e-a-escola-ideal-para-oa-seusua-filhoa-fazer-uma-escolha-assertiva-e-mais-importante-agora-do-que-nunca\/","title":{"rendered":"Qual \u00e9 a escola ideal para o(a) seu(sua) filho(a)? Fazer uma escolha assertiva \u00e9 mais importante agora do que nunca"},"content":{"rendered":"<p><span style=\"font-weight: 400;\"><img loading=\"lazy\" class=\"size-full wp-image-6548 aligncenter\" src=\"https:\/\/suaescolaideal.com.br\/blog\/wp-content\/uploads\/2021\/07\/0722_SEI_Post_Blog.png\" alt=\"Qual \u00e9 a escola ideal para o(a) seu(sua) filho(a)? Fazer uma escolha assertiva \u00e9 mais importante agora do que nunca\" width=\"904\" height=\"450\" srcset=\"https:\/\/suaescolaideal.com.br\/blog\/wp-content\/uploads\/2021\/07\/0722_SEI_Post_Blog.png 904w, https:\/\/suaescolaideal.com.br\/blog\/wp-content\/uploads\/2021\/07\/0722_SEI_Post_Blog-300x149.png 300w, https:\/\/suaescolaideal.com.br\/blog\/wp-content\/uploads\/2021\/07\/0722_SEI_Post_Blog-768x382.png 768w, https:\/\/suaescolaideal.com.br\/blog\/wp-content\/uploads\/2021\/07\/0722_SEI_Post_Blog-670x335.png 670w\" sizes=\"(max-width: 904px) 100vw, 904px\" \/>Para as fam\u00edlias com filhos(as) em idade escolar, o coronav\u00edrus tornou essa temporada de volta \u00e0s aulas pouco comum. A busca por saber como e onde os alunos devem aprender e do que precisam para ter sucesso acad\u00eamico, social e emocional \u00e9 longa. Em 2020, os calend\u00e1rios acad\u00eamicos foram alterados, e algumas aberturas foram atrasadas ou foram realizadas virtualmente. Ao fim, fica a d\u00favida, qual seria a <\/span><b>escola ideal <\/b><span style=\"font-weight: 400;\">para que as crian\u00e7as e jovens saiam desse momento sem preju\u00edzos?\u00a0<\/span><\/p>\n<p><b>LEIA TAMB\u00c9M: <\/b><a href=\"https:\/\/suaescolaideal.com.br\/blog\/escolas\/2021\/03\/metodologias-de-ensino-no-brasil\/\" target=\"_blank\" rel=\"noopener noreferrer\"><b>Metodologias de Ensino no Brasil<\/b><\/a><b>.<\/b><\/p>\n<p><span style=\"font-weight: 400;\">As decis\u00f5es sobre onde seu(sua) filho(a) estudar\u00e1 s\u00e3o muito pessoais e j\u00e1 costumam ser dif\u00edceis. \u00c9 comum que os pais fiquem ansiosos para tomar a decis\u00e3o certa; imagine ap\u00f3s o momento da escolha. Com tantas escolas oferecendo ambientes, estilos de ensino e filosofias diferentes, a experi\u00eancia pode parecer avassaladora. Seja para iniciar a Educa\u00e7\u00e3o Infantil, seja para <\/span><a href=\"https:\/\/suaescolaideal.com.br\/blog\/familias\/2021\/05\/mudar-de-escola-em-tempos-de-pandemia-como-fazer\/\" target=\"_blank\" rel=\"noopener noreferrer\"><b>mudar de escola<\/b><\/a><span style=\"font-weight: 400;\"> o estudante de Ensino Fundamental e M\u00e9dio, \u00e9 importante se informar bastante at\u00e9 achar a institui\u00e7\u00e3o certa.<\/span><\/p>\n<h1><b>Como escolher a escola do(a) meu(minha) filho(a)?<\/b><\/h1>\n<p><span style=\"font-weight: 400;\">Comece entendendo o seu filho\/a sua filha, descobrindo que tipo de aluno(a) ele(a) \u00e9 e em que ambiente provavelmente ter\u00e1 sucesso. Assim, ficar\u00e1 mais f\u00e1cil pensar nos passos seguintes. A partir da\u00ed, com melhor compreens\u00e3o da crian\u00e7a ou do jovem, o pr\u00f3ximo passo \u00e9 avaliar as necessidades de sua fam\u00edlia.<\/span><\/p>\n<p><span style=\"font-weight: 400;\">Se a <\/span><b>escolha da escola ideal <\/b><span style=\"font-weight: 400;\">para voc\u00ea<\/span> <span style=\"font-weight: 400;\">vai al\u00e9m da localiza\u00e7\u00e3o, pense no que funcionar\u00e1 melhor para a personalidade, os pontos fortes, as necessidades e os interesses de seu(sua) filho(a). Voc\u00ea tamb\u00e9m pode considerar como as culturas e os valores das diferentes escolas se encaixam nos valores de sua fam\u00edlia e na vida familiar.<\/span><\/p>\n<h2><b>Comece a avaliar escolas<\/b><\/h2>\n<p><span style=\"font-weight: 400;\">Agora \u00e9 hora de olhar para as escolas que te interessam e conhecer o que elas t\u00eam a oferecer. Muitos pais come\u00e7am visitando e usando os <\/span><a href=\"https:\/\/suaescolaideal.com.br\/blog\/escolas\/2021\/05\/descubra-como-turbinar-o-seu-site-escolar\/\" target=\"_blank\" rel=\"noopener noreferrer\"><span style=\"font-weight: 400;\">sites das institui\u00e7\u00f5es<\/span><\/a><span style=\"font-weight: 400;\"> para fazer uma pesquisa pr\u00e9via, que fornece uma vis\u00e3o geral daquilo que est\u00e1 dispon\u00edvel e acess\u00edvel para seus filhos. Outra forma de pesquisa \u00e9 <\/span><a href=\"https:\/\/suaescolaideal.com.br\/busca\" target=\"_blank\" rel=\"noopener noreferrer\"><span style=\"font-weight: 400;\">acessar a plataforma da <\/span><b>Sua Escola Ideal<\/b><\/a> <span style=\"font-weight: 400;\">e conferir as p\u00e1ginas das escolas que est\u00e3o no seu radar ou conhecer novas institui\u00e7\u00f5es, utilizando filtros que facilitem a busca.<\/span><\/p>\n<p><span style=\"font-weight: 400;\">\u00c9 poss\u00edvel delimitar a pesquisa por CEP, bairro, estado, cidade, tipo de rede, n\u00edvel de ensino e valores m\u00e9dios de mensalidade. Tamb\u00e9m \u00e9 poss\u00edvel fazer <\/span><a href=\"https:\/\/suaescolaideal.com.br\/busca-fornecedor\/pais\" target=\"_blank\" rel=\"noopener noreferrer\"><span style=\"font-weight: 400;\">uma busca focada em servi\u00e7os e produtos<\/span><\/a><span style=\"font-weight: 400;\"> e encontrar escolas de idiomas e outros servi\u00e7os educacionais complementares.<\/span><\/p>\n<h2><b>Visite escolas em potencial\u00a0<\/b><\/h2>\n<p><span style=\"font-weight: 400;\">Depois de criar uma lista restrita de escolas, voc\u00ea estar\u00e1 pronto para come\u00e7ar a conhecer as instala\u00e7\u00f5es. A maioria das escolas oferece passeios presenciais ou virtuais para ajudar as fam\u00edlias a conhecerem melhor seus programas e ambientes. Esse \u00e9 um bom momento para estabelecer quais s\u00e3o os desejos e as expectativas que voc\u00eas, como pais, t\u00eam em rela\u00e7\u00e3o \u00e0 <\/span><b>escola ideal<\/b><span style=\"font-weight: 400;\"> e quais s\u00e3o as expectativas da escola em rela\u00e7\u00e3o aos seus alunos.<\/span><\/p>\n<h3><b>Aqui est\u00e3o algumas outras coisas em que voc\u00ea pode pensar para definir qual \u00e9 a escola ideal:<\/b><\/h3>\n<ul>\n<li style=\"font-weight: 400;\" aria-level=\"1\"><span style=\"font-weight: 400;\">Voc\u00ea est\u00e1 interessado em uma filosofia de ensino espec\u00edfica <\/span><span style=\"font-weight: 400;\">\u2013<\/span><span style=\"font-weight: 400;\"> por exemplo, a Montessoriana?<\/span><\/li>\n<li style=\"font-weight: 400;\" aria-level=\"1\"><span style=\"font-weight: 400;\">Quesitos como localiza\u00e7\u00e3o, custo ou dificuldade de locomo\u00e7\u00e3o afetam voc\u00ea?<\/span><\/li>\n<li style=\"font-weight: 400;\" aria-level=\"1\"><span style=\"font-weight: 400;\">A escola \u00e9 pequena ou grande? Qual \u00e9 o tamanho mais adequado para seu(sua) filho(a)?<\/span><\/li>\n<li style=\"font-weight: 400;\" aria-level=\"1\"><span style=\"font-weight: 400;\">Quais instala\u00e7\u00f5es a escola tem a fim de apoiar a aprendizagem de seu(sua) filho(a) <\/span><span style=\"font-weight: 400;\">\u2013<\/span> <i><span style=\"font-weight: 400;\">playgrounds<\/span><\/i><span style=\"font-weight: 400;\">, biblioteca, programas de m\u00fasica, clubes e equipes esportivas?<\/span><\/li>\n<li style=\"font-weight: 400;\" aria-level=\"1\"><span style=\"font-weight: 400;\">A escola melhorou seus resultados acad\u00eamicos nos \u00faltimos anos?\u00a0<\/span><\/li>\n<li style=\"font-weight: 400;\" aria-level=\"1\"><span style=\"font-weight: 400;\">E quanto ao seu desempenho em outras \u00e1reas, como artes, esporte ou envolvimento com a comunidade?<\/span><\/li>\n<li style=\"font-weight: 400;\" aria-level=\"1\"><span style=\"font-weight: 400;\">Que oportunidades existem para o envolvimento da<\/span><a href=\"https:\/\/suaescolaideal.com.br\/blog\/escolas\/2021\/06\/a-importancia-do-engajamento-da-familia-na-escola\/\" target=\"_blank\" rel=\"noopener noreferrer\"> <span style=\"font-weight: 400;\">fam\u00edlia com a escola<\/span><\/a><span style=\"font-weight: 400;\">, e como a comunica\u00e7\u00e3o entre a casa e a escola \u00e9 administrada?<\/span><\/li>\n<li style=\"font-weight: 400;\" aria-level=\"1\"><span style=\"font-weight: 400;\">Como a escola est\u00e1 conectada com a comunidade local?<\/span><\/li>\n<\/ul>\n<p><span style=\"font-weight: 400;\">No fim das contas, as fam\u00edlias precisam ouvir seus filhos e confiar em seus pr\u00f3prios instintos para escolher a <\/span><b>escola ideal<\/b><span style=\"font-weight: 400;\">.<\/span><\/p>\n","protected":false},"excerpt":{"rendered":"<p>Para as fam\u00edlias com filhos(as) em idade escolar, o coronav\u00edrus tornou essa temporada de volta \u00e0s aulas pouco comum. A busca por saber como e&#8230;<\/p>\n","protected":false},"author":1,"featured_media":6548,"comment_status":"open","ping_status":"open","sticky":false,"template":"","format":"standard","meta":[],"categories":[222],"tags":[1071,866,862,810],"yst_prominent_words":[],"yoast_head":"<!-- This site is optimized with the Yoast SEO Premium plugin v14.5 - https:\/\/yoast.com\/wordpress\/plugins\/seo\/ -->\n<title>Qual \u00e9 a escola ideal para o(a) seu(sua) filho(a)? Fazer uma escolha assertiva \u00e9 mais importante agora do que nunca<\/title>\n<meta name=\"description\" content=\"Fica a d\u00favida, qual seria a escola ideal para que as crian\u00e7as e jovens saiam desse momento sem preju\u00edzos?\" \/>\n<meta name=\"robots\" content=\"index, follow\" \/>\n<meta name=\"googlebot\" content=\"index, follow, max-snippet:-1, max-image-preview:large, max-video-preview:-1\" \/>\n<meta name=\"bingbot\" content=\"index, follow, max-snippet:-1, max-image-preview:large, max-video-preview:-1\" \/>\n<link rel=\"canonical\" href=\"https:\/\/suaescolaideal.com.br\/blog\/familias\/2021\/07\/qual-e-a-escola-ideal-para-oa-seusua-filhoa-fazer-uma-escolha-assertiva-e-mais-importante-agora-do-que-nunca\/\" \/>\n<meta property=\"og:locale\" content=\"pt_BR\" \/>\n<meta property=\"og:type\" content=\"article\" \/>\n<meta property=\"og:title\" content=\"Qual \u00e9 a escola ideal para o(a) seu(sua) filho(a)? Fazer uma escolha assertiva \u00e9 mais importante agora do que nunca\" \/>\n<meta property=\"og:description\" content=\"Fica a d\u00favida, qual seria a escola ideal para que as crian\u00e7as e jovens saiam desse momento sem preju\u00edzos?\" \/>\n<meta property=\"og:url\" content=\"https:\/\/suaescolaideal.com.br\/blog\/familias\/2021\/07\/qual-e-a-escola-ideal-para-oa-seusua-filhoa-fazer-uma-escolha-assertiva-e-mais-importante-agora-do-que-nunca\/\" \/>\n<meta property=\"og:site_name\" content=\"Blog - Sua Escola Ideal\" \/>\n<meta property=\"article:publisher\" content=\"https:\/\/www.facebook.com\/suaescolaideal\/\" \/>\n<meta property=\"article:published_time\" content=\"2021-07-26T15:05:41+00:00\" \/>\n<meta property=\"article:modified_time\" content=\"2021-07-26T15:08:25+00:00\" \/>\n<meta property=\"og:image\" content=\"https:\/\/suaescolaideal.com.br\/blog\/wp-content\/uploads\/2021\/07\/0722_SEI_Post_Blog.png\" \/>\n\t<meta property=\"og:image:width\" content=\"904\" \/>\n\t<meta property=\"og:image:height\" content=\"450\" \/>\n<meta name=\"twitter:card\" content=\"summary_large_image\" \/>\n<script type=\"application\/ld+json\" class=\"yoast-schema-graph\">{\"@context\":\"https:\/\/schema.org\",\"@graph\":[{\"@type\":\"WebSite\",\"@id\":\"https:\/\/suaescolaideal.com.br\/blog\/#website\",\"url\":\"https:\/\/suaescolaideal.com.br\/blog\/\",\"name\":\"Sua Escola Ideal - Encontre a melhor escola para o seu filho\",\"description\":\"Conte\\u00fado sobre educa\\u00e7\\u00e3o\",\"potentialAction\":[{\"@type\":\"SearchAction\",\"target\":\"https:\/\/suaescolaideal.com.br\/blog\/?s={search_term_string}\",\"query-input\":\"required name=search_term_string\"}],\"inLanguage\":\"pt-BR\"},{\"@type\":\"ImageObject\",\"@id\":\"https:\/\/suaescolaideal.com.br\/blog\/familias\/2021\/07\/qual-e-a-escola-ideal-para-oa-seusua-filhoa-fazer-uma-escolha-assertiva-e-mais-importante-agora-do-que-nunca\/#primaryimage\",\"inLanguage\":\"pt-BR\",\"url\":\"https:\/\/suaescolaideal.com.br\/blog\/wp-content\/uploads\/2021\/07\/0722_SEI_Post_Blog.png\",\"width\":904,\"height\":450,\"caption\":\"Qual \\u00e9 a escola ideal para o(a) seu(sua) filho(a)? Fazer uma escolha assertiva \\u00e9 mais importante agora do que nunca\"},{\"@type\":\"WebPage\",\"@id\":\"https:\/\/suaescolaideal.com.br\/blog\/familias\/2021\/07\/qual-e-a-escola-ideal-para-oa-seusua-filhoa-fazer-uma-escolha-assertiva-e-mais-importante-agora-do-que-nunca\/#webpage\",\"url\":\"https:\/\/suaescolaideal.com.br\/blog\/familias\/2021\/07\/qual-e-a-escola-ideal-para-oa-seusua-filhoa-fazer-uma-escolha-assertiva-e-mais-importante-agora-do-que-nunca\/\",\"name\":\"Qual \\u00e9 a escola ideal para o(a) seu(sua) filho(a)? Fazer uma escolha assertiva \\u00e9 mais importante agora do que nunca\",\"isPartOf\":{\"@id\":\"https:\/\/suaescolaideal.com.br\/blog\/#website\"},\"primaryImageOfPage\":{\"@id\":\"https:\/\/suaescolaideal.com.br\/blog\/familias\/2021\/07\/qual-e-a-escola-ideal-para-oa-seusua-filhoa-fazer-uma-escolha-assertiva-e-mais-importante-agora-do-que-nunca\/#primaryimage\"},\"datePublished\":\"2021-07-26T15:05:41+00:00\",\"dateModified\":\"2021-07-26T15:08:25+00:00\",\"author\":{\"@id\":\"https:\/\/suaescolaideal.com.br\/blog\/#\/schema\/person\/66346b99bafe92fe8d241fd1ab881491\"},\"description\":\"Fica a d\\u00favida, qual seria a escola ideal para que as crian\\u00e7as e jovens saiam desse momento sem preju\\u00edzos?\",\"inLanguage\":\"pt-BR\",\"potentialAction\":[{\"@type\":\"ReadAction\",\"target\":[\"https:\/\/suaescolaideal.com.br\/blog\/familias\/2021\/07\/qual-e-a-escola-ideal-para-oa-seusua-filhoa-fazer-uma-escolha-assertiva-e-mais-importante-agora-do-que-nunca\/\"]}]},{\"@type\":[\"Person\"],\"@id\":\"https:\/\/suaescolaideal.com.br\/blog\/#\/schema\/person\/66346b99bafe92fe8d241fd1ab881491\",\"name\":\"Equipe SEI\",\"image\":{\"@type\":\"ImageObject\",\"@id\":\"https:\/\/suaescolaideal.com.br\/blog\/#personlogo\",\"inLanguage\":\"pt-BR\",\"url\":\"https:\/\/suaescolaideal.com.br\/blog\/wp-content\/uploads\/2020\/05\/S\\u00edmbolo.png\",\"caption\":\"Equipe SEI\"}}]}<\/script>\n<!-- \/ Yoast SEO Premium plugin. -->","_links":{"self":[{"href":"https:\/\/suaescolaideal.com.br\/blog\/wp-json\/wp\/v2\/posts\/6547"}],"collection":[{"href":"https:\/\/suaescolaideal.com.br\/blog\/wp-json\/wp\/v2\/posts"}],"about":[{"href":"https:\/\/suaescolaideal.com.br\/blog\/wp-json\/wp\/v2\/types\/post"}],"author":[{"embeddable":true,"href":"https:\/\/suaescolaideal.com.br\/blog\/wp-json\/wp\/v2\/users\/1"}],"replies":[{"embeddable":true,"href":"https:\/\/suaescolaideal.com.br\/blog\/wp-json\/wp\/v2\/comments?post=6547"}],"version-history":[{"count":2,"href":"https:\/\/suaescolaideal.com.br\/blog\/wp-json\/wp\/v2\/posts\/6547\/revisions"}],"predecessor-version":[{"id":6550,"href":"https:\/\/suaescolaideal.com.br\/blog\/wp-json\/wp\/v2\/posts\/6547\/revisions\/6550"}],"wp:featuredmedia":[{"embeddable":true,"href":"https:\/\/suaescolaideal.com.br\/blog\/wp-json\/wp\/v2\/media\/6548"}],"wp:attachment":[{"href":"https:\/\/suaescolaideal.com.br\/blog\/wp-json\/wp\/v2\/media?parent=6547"}],"wp:term":[{"taxonomy":"category","embeddable":true,"href":"https:\/\/suaescolaideal.com.br\/blog\/wp-json\/wp\/v2\/categories?post=6547"},{"taxonomy":"post_tag","embeddable":true,"href":"https:\/\/suaescolaideal.com.br\/blog\/wp-json\/wp\/v2\/tags?post=6547"},{"taxonomy":"yst_prominent_words","embeddable":true,"href":"https:\/\/suaescolaideal.com.br\/blog\/wp-json\/wp\/v2\/yst_prominent_words?post=6547"}],"curies":[{"name":"wp","href":"https:\/\/api.w.org\/{rel}","templated":true}]}}