{"id":6509,"date":"2021-06-22T12:50:29","date_gmt":"2021-06-22T15:50:29","guid":{"rendered":"https:\/\/suaescolaideal.com.br\/blog\/?p=6509"},"modified":"2021-06-23T20:36:35","modified_gmt":"2021-06-23T23:36:35","slug":"fundacao-dorina-nowill-para-cegos-celebra-75-anos","status":"publish","type":"post","link":"https:\/\/suaescolaideal.com.br\/blog\/familias\/2021\/06\/fundacao-dorina-nowill-para-cegos-celebra-75-anos\/","title":{"rendered":"Funda\u00e7\u00e3o Dorina Nowill para Cegos celebra 75 anos!"},"content":{"rendered":"<p><img loading=\"lazy\" class=\"alignnone size-full wp-image-6512\" src=\"https:\/\/suaescolaideal.com.br\/blog\/wp-content\/uploads\/2021\/06\/Logo-Dorina-Carinha.jpg\" alt=\"\" width=\"225\" height=\"225\" srcset=\"https:\/\/suaescolaideal.com.br\/blog\/wp-content\/uploads\/2021\/06\/Logo-Dorina-Carinha.jpg 225w, https:\/\/suaescolaideal.com.br\/blog\/wp-content\/uploads\/2021\/06\/Logo-Dorina-Carinha-150x150.jpg 150w, https:\/\/suaescolaideal.com.br\/blog\/wp-content\/uploads\/2021\/06\/Logo-Dorina-Carinha-100x100.jpg 100w, https:\/\/suaescolaideal.com.br\/blog\/wp-content\/uploads\/2021\/06\/Logo-Dorina-Carinha-140x140.jpg 140w\" sizes=\"(max-width: 225px) 100vw, 225px\" \/><\/p>\n<p>A Sua Escola Ideal \u00e9 uma das parceiras da Funda\u00e7\u00e3o Dorina Nowill para Cegos.<\/p>\n<p>Nesse ano, a Funda\u00e7\u00e3o completa 75 anos de luta pela inclus\u00e3o de pessoas com defici\u00eancia visual no Brasil! E, para celebrar, a institui\u00e7\u00e3o lan\u00e7a a S\u00e9rie Encontros, dispon\u00edvel no seu canal do Youtube e que aborda seus pilares de atua\u00e7\u00e3o.<\/p>\n<p>Mas al\u00e9m de informar e entreter, a a\u00e7\u00e3o tem como meta arrecadar R$ 75 mil para a manuten\u00e7\u00e3o dos projetos realizados pela Funda\u00e7\u00e3o Dorina. Desde sua funda\u00e7\u00e3o, a institui\u00e7\u00e3o atua com o prop\u00f3sito de atender gratuitamente pessoas cegas ou com baixa vis\u00e3o e suas fam\u00edlias, promovendo a reabilita\u00e7\u00e3o desse p\u00fablico. As doa\u00e7\u00f5es contribuir\u00e3o para a continuidade dos atendimento e poder\u00e3o ser feitas pelo site:\u00a0<a href=\"https:\/\/doeseguro.fundacaodorina.org.br\/festivaldorina\/single_step\" target=\"_blank\" rel=\"noopener noreferrer\" data-saferedirecturl=\"https:\/\/www.google.com\/url?q=https:\/\/doeseguro.fundacaodorina.org.br\/festivaldorina\/single_step&amp;source=gmail&amp;ust=1624040269467000&amp;usg=AFQjCNEaYUy-UTMj9x4n6BeX43hAWtZt1w\">fdnc.org\/75anos<\/a>.<\/p>\n<p>Conhe\u00e7a mais sobre a Funda\u00e7\u00e3o Dorina Nowill:<\/p>\n<div id=\"content2416\" class=\"item-content\">\n<p><kbd>A Funda\u00e7\u00e3o Dorina Nowill para Cegos completa 75 anos de luta pela inclus\u00e3o de pessoas com defici\u00eancia visual no Brasil!<\/kbd><\/p>\n<p><tt><kbd>Em 1946, ainda com o nome de Funda\u00e7\u00e3o para o Livro do Cego no Brasil, Dorina Nowill e um grupo de amigas volunt\u00e1rias deram in\u00edcio ao trabalho que mudaria a vida de milhares de pessoas nas d\u00e9cadas seguintes.<\/kbd><\/tt><\/p>\n<p><tt><kbd>Hoje, a Funda\u00e7\u00e3o Dorina \u00e9 refer\u00eancia mundial no atendimento a pessoas cegas e com baixa vis\u00e3o, oferecendo suporte especializado e gratuito nas \u00e1reas de educa\u00e7\u00e3o especial, reabilita\u00e7\u00e3o, cl\u00ednica de vis\u00e3o subnormal e empregabilidade, al\u00e9m da produ\u00e7\u00e3o e distribui\u00e7\u00e3o de livros em braille, audiobooks e digitais acess\u00edveis para mais de 3 mil escolas e organiza\u00e7\u00f5es de todo o Brasil.<\/kbd><\/tt><\/p>\n<p><tt><kbd>Quer conhecer mais sobre trabalho o trabalho da Funda\u00e7\u00e3o? Acesse nosso site e descubra\u00a0 <a href=\"http:\/\/www.fundacaodorina.org.br\/\">www.fundacaodorina.org.br<\/a><\/kbd><\/tt><\/p>\n<p>&nbsp;<\/p>\n<\/div>\n","protected":false},"excerpt":{"rendered":"<p>A Sua Escola Ideal \u00e9 uma das parceiras da Funda\u00e7\u00e3o Dorina Nowill para Cegos. Nesse ano, a Funda\u00e7\u00e3o completa 75 anos de luta pela inclus\u00e3o&#8230;<\/p>\n","protected":false},"author":1,"featured_media":6512,"comment_status":"open","ping_status":"open","sticky":false,"template":"","format":"standard","meta":[],"categories":[222],"tags":[],"yst_prominent_words":[1028,212,1023,1024,1016,1026,1018,1017,1012,1020,1014,1019,1013,1027,788,1025,1021,1015,1029,1022],"yoast_head":"<!-- This site is optimized with the Yoast SEO Premium plugin v14.5 - https:\/\/yoast.com\/wordpress\/plugins\/seo\/ -->\n<title>Funda\u00e7\u00e3o Dorina Nowill para Cegos celebra 75 anos! - Blog - Sua Escola Ideal<\/title>\n<meta name=\"robots\" content=\"index, follow\" \/>\n<meta name=\"googlebot\" content=\"index, follow, max-snippet:-1, max-image-preview:large, max-video-preview:-1\" \/>\n<meta name=\"bingbot\" content=\"index, follow, max-snippet:-1, max-image-preview:large, max-video-preview:-1\" \/>\n<link rel=\"canonical\" href=\"https:\/\/suaescolaideal.com.br\/blog\/familias\/2021\/06\/fundacao-dorina-nowill-para-cegos-celebra-75-anos\/\" \/>\n<meta property=\"og:locale\" content=\"pt_BR\" \/>\n<meta property=\"og:type\" content=\"article\" \/>\n<meta property=\"og:title\" content=\"Funda\u00e7\u00e3o Dorina Nowill para Cegos celebra 75 anos! - Blog - Sua Escola Ideal\" \/>\n<meta property=\"og:description\" content=\"A Sua Escola Ideal \u00e9 uma das parceiras da Funda\u00e7\u00e3o Dorina Nowill para Cegos. Nesse ano, a Funda\u00e7\u00e3o completa 75 anos de luta pela inclus\u00e3o...\" \/>\n<meta property=\"og:url\" content=\"https:\/\/suaescolaideal.com.br\/blog\/familias\/2021\/06\/fundacao-dorina-nowill-para-cegos-celebra-75-anos\/\" \/>\n<meta property=\"og:site_name\" content=\"Blog - Sua Escola Ideal\" \/>\n<meta property=\"article:publisher\" content=\"https:\/\/www.facebook.com\/suaescolaideal\/\" \/>\n<meta property=\"article:published_time\" content=\"2021-06-22T15:50:29+00:00\" \/>\n<meta property=\"article:modified_time\" content=\"2021-06-23T23:36:35+00:00\" \/>\n<meta property=\"og:image\" content=\"https:\/\/suaescolaideal.com.br\/blog\/wp-content\/uploads\/2021\/06\/Logo-Dorina-Carinha.jpg\" \/>\n\t<meta property=\"og:image:width\" content=\"225\" \/>\n\t<meta property=\"og:image:height\" content=\"225\" \/>\n<meta name=\"twitter:card\" content=\"summary_large_image\" \/>\n<script type=\"application\/ld+json\" class=\"yoast-schema-graph\">{\"@context\":\"https:\/\/schema.org\",\"@graph\":[{\"@type\":\"WebSite\",\"@id\":\"https:\/\/suaescolaideal.com.br\/blog\/#website\",\"url\":\"https:\/\/suaescolaideal.com.br\/blog\/\",\"name\":\"Sua Escola Ideal - Encontre a melhor escola para o seu filho\",\"description\":\"Conte\\u00fado sobre educa\\u00e7\\u00e3o\",\"potentialAction\":[{\"@type\":\"SearchAction\",\"target\":\"https:\/\/suaescolaideal.com.br\/blog\/?s={search_term_string}\",\"query-input\":\"required name=search_term_string\"}],\"inLanguage\":\"pt-BR\"},{\"@type\":\"ImageObject\",\"@id\":\"https:\/\/suaescolaideal.com.br\/blog\/familias\/2021\/06\/fundacao-dorina-nowill-para-cegos-celebra-75-anos\/#primaryimage\",\"inLanguage\":\"pt-BR\",\"url\":\"https:\/\/suaescolaideal.com.br\/blog\/wp-content\/uploads\/2021\/06\/Logo-Dorina-Carinha.jpg\",\"width\":225,\"height\":225},{\"@type\":\"WebPage\",\"@id\":\"https:\/\/suaescolaideal.com.br\/blog\/familias\/2021\/06\/fundacao-dorina-nowill-para-cegos-celebra-75-anos\/#webpage\",\"url\":\"https:\/\/suaescolaideal.com.br\/blog\/familias\/2021\/06\/fundacao-dorina-nowill-para-cegos-celebra-75-anos\/\",\"name\":\"Funda\\u00e7\\u00e3o Dorina Nowill para Cegos celebra 75 anos! - Blog - Sua Escola Ideal\",\"isPartOf\":{\"@id\":\"https:\/\/suaescolaideal.com.br\/blog\/#website\"},\"primaryImageOfPage\":{\"@id\":\"https:\/\/suaescolaideal.com.br\/blog\/familias\/2021\/06\/fundacao-dorina-nowill-para-cegos-celebra-75-anos\/#primaryimage\"},\"datePublished\":\"2021-06-22T15:50:29+00:00\",\"dateModified\":\"2021-06-23T23:36:35+00:00\",\"author\":{\"@id\":\"https:\/\/suaescolaideal.com.br\/blog\/#\/schema\/person\/66346b99bafe92fe8d241fd1ab881491\"},\"inLanguage\":\"pt-BR\",\"potentialAction\":[{\"@type\":\"ReadAction\",\"target\":[\"https:\/\/suaescolaideal.com.br\/blog\/familias\/2021\/06\/fundacao-dorina-nowill-para-cegos-celebra-75-anos\/\"]}]},{\"@type\":[\"Person\"],\"@id\":\"https:\/\/suaescolaideal.com.br\/blog\/#\/schema\/person\/66346b99bafe92fe8d241fd1ab881491\",\"name\":\"Equipe SEI\",\"image\":{\"@type\":\"ImageObject\",\"@id\":\"https:\/\/suaescolaideal.com.br\/blog\/#personlogo\",\"inLanguage\":\"pt-BR\",\"url\":\"https:\/\/suaescolaideal.com.br\/blog\/wp-content\/uploads\/2020\/05\/S\\u00edmbolo.png\",\"caption\":\"Equipe SEI\"}}]}<\/script>\n<!-- \/ Yoast SEO Premium plugin. -->","_links":{"self":[{"href":"https:\/\/suaescolaideal.com.br\/blog\/wp-json\/wp\/v2\/posts\/6509"}],"collection":[{"href":"https:\/\/suaescolaideal.com.br\/blog\/wp-json\/wp\/v2\/posts"}],"about":[{"href":"https:\/\/suaescolaideal.com.br\/blog\/wp-json\/wp\/v2\/types\/post"}],"author":[{"embeddable":true,"href":"https:\/\/suaescolaideal.com.br\/blog\/wp-json\/wp\/v2\/users\/1"}],"replies":[{"embeddable":true,"href":"https:\/\/suaescolaideal.com.br\/blog\/wp-json\/wp\/v2\/comments?post=6509"}],"version-history":[{"count":5,"href":"https:\/\/suaescolaideal.com.br\/blog\/wp-json\/wp\/v2\/posts\/6509\/revisions"}],"predecessor-version":[{"id":6517,"href":"https:\/\/suaescolaideal.com.br\/blog\/wp-json\/wp\/v2\/posts\/6509\/revisions\/6517"}],"wp:featuredmedia":[{"embeddable":true,"href":"https:\/\/suaescolaideal.com.br\/blog\/wp-json\/wp\/v2\/media\/6512"}],"wp:attachment":[{"href":"https:\/\/suaescolaideal.com.br\/blog\/wp-json\/wp\/v2\/media?parent=6509"}],"wp:term":[{"taxonomy":"category","embeddable":true,"href":"https:\/\/suaescolaideal.com.br\/blog\/wp-json\/wp\/v2\/categories?post=6509"},{"taxonomy":"post_tag","embeddable":true,"href":"https:\/\/suaescolaideal.com.br\/blog\/wp-json\/wp\/v2\/tags?post=6509"},{"taxonomy":"yst_prominent_words","embeddable":true,"href":"https:\/\/suaescolaideal.com.br\/blog\/wp-json\/wp\/v2\/yst_prominent_words?post=6509"}],"curies":[{"name":"wp","href":"https:\/\/api.w.org\/{rel}","templated":true}]}}