{"id":6502,"date":"2021-06-22T11:27:52","date_gmt":"2021-06-22T14:27:52","guid":{"rendered":"https:\/\/suaescolaideal.com.br\/blog\/?p=6502"},"modified":"2021-06-22T11:38:58","modified_gmt":"2021-06-22T14:38:58","slug":"desempenho-do-estudante-e-influenciado-por-ambiente-escolar-e-familiar","status":"publish","type":"post","link":"https:\/\/suaescolaideal.com.br\/blog\/escolas\/2021\/06\/desempenho-do-estudante-e-influenciado-por-ambiente-escolar-e-familiar\/","title":{"rendered":"Desempenho do estudante \u00e9 influenciado por ambiente escolar e familiar"},"content":{"rendered":"<p><span style=\"font-weight: 400;\"><img loading=\"lazy\" class=\"size-full wp-image-6503 aligncenter\" src=\"https:\/\/suaescolaideal.com.br\/blog\/wp-content\/uploads\/2021\/06\/0622_SEI_Post_Blog.jpg\" alt=\"Desempenho do estudante \u00e9 influenciado por ambiente escolar e apoio da fam\u00edlia\" width=\"904\" height=\"450\" srcset=\"https:\/\/suaescolaideal.com.br\/blog\/wp-content\/uploads\/2021\/06\/0622_SEI_Post_Blog.jpg 904w, https:\/\/suaescolaideal.com.br\/blog\/wp-content\/uploads\/2021\/06\/0622_SEI_Post_Blog-300x149.jpg 300w, https:\/\/suaescolaideal.com.br\/blog\/wp-content\/uploads\/2021\/06\/0622_SEI_Post_Blog-768x382.jpg 768w, https:\/\/suaescolaideal.com.br\/blog\/wp-content\/uploads\/2021\/06\/0622_SEI_Post_Blog-670x335.jpg 670w\" sizes=\"(max-width: 904px) 100vw, 904px\" \/><\/span><\/p>\n<p><span style=\"font-weight: 400;\">O <\/span><b>desempenho escolar<\/b><span style=\"font-weight: 400;\"> est\u00e1 sujeito a um contexto de m\u00faltiplos fatores, todos relacionados ao estudante, \u00e0 escola e \u00e0 fam\u00edlia. Segundo uma <\/span><a href=\"https:\/\/www.scielo.br\/j\/pusf\/a\/8xDjLMVgznsSSDKzc5N5RrK\/?format=html&amp;lang=en\" target=\"_blank\" rel=\"noopener noreferrer\"><span style=\"font-weight: 400;\">pesquisa publicada na revista &#8220;Psico-USF&#8221;<\/span><\/a><span style=\"font-weight: 400;\">, conduzida por pesquisadores da Universidade de S\u00e3o Paulo (USP) e focada no desempenho dos estudantes dos Anos Finais do Ensino Fundamental, este fator \u00e9 influenciado pelo <\/span><b>ambiente escolar<\/b><span style=\"font-weight: 400;\"> e <a href=\"https:\/\/suaescolaideal.com.br\/blog\/escolas\/2021\/06\/a-importancia-do-engajamento-da-familia-na-escola\/\" target=\"_blank\" rel=\"noopener noreferrer\">familiar em que os jovens est\u00e3o inseridos.<\/a> Da mesma maneira, foi apontada uma forte correla\u00e7\u00e3o entre sensa\u00e7\u00e3o de pertencimento \u00e0 escola e suporte emocional recebido da fam\u00edlia e o aprendizado demonstrado pelo aluno em algumas disciplinas.<\/span><\/p>\n<p><span style=\"font-weight: 400;\">Para chegar a este resultado, o estudo usou como base de dados o Programa Internacional de Avalia\u00e7\u00e3o de Estudantes (PISA) de 2015. A partir dele, obtiveram os relatos de 23.141 alunos, dos 27 estados brasileiros, a maioria deles oriunda de escolas estaduais, com faixa et\u00e1ria de 15 a 16 anos. O objetivo foi analisar o potencial impacto da rela\u00e7\u00e3o do estudante com a escola e a fam\u00edlia nos escores de desempenho em Matem\u00e1tica, Leitura e Ci\u00eancias.<\/span><\/p>\n<h2><b>Ambiente escolar e familiar de qualidade<\/b><\/h2>\n<p><span style=\"font-weight: 400;\">O trabalho mostrou que a qualidade do suporte dos pais reflete em como o estudante se sente na escola e, posteriormente, na concentra\u00e7\u00e3o que emprega ao fazer avalia\u00e7\u00f5es escolares.<\/span><\/p>\n<p><span style=\"font-weight: 400;\">A autora principal do estudo, Mayra Antonelli Ponti, da USP, observou que o <\/span><b>ambiente escolar e o familiar<\/b><span style=\"font-weight: 400;\"> s\u00e3o muito importantes para o desempenho dos estudantes e reiterou a necessidade de essas dimens\u00f5es serem alvo de pol\u00edticas p\u00fablicas na \u00e1rea da Educa\u00e7\u00e3o. \u201c\u00c9 fundamental haver um olhar contextualizado e integral para o jovem de tal forma que garanta um desenvolvimento saud\u00e1vel e um aprendizado efetivo\u201d.<\/span><\/p>\n<p><span style=\"font-weight: 400;\">Ainda de acordo com a pesquisadora, \u201ccom apoio familiar e se sentindo pertencente a um grupo, como no caso da escola, o aluno ter\u00e1 maior potencial de direcionar suas energias para os estudos e a se empenhar de maneira mais intensa a prop\u00f3sitos que s\u00e3o compartilhados com os familiares, professores e colegas\u201d.<\/span><\/p>\n<h2><b>Ensino remoto traz novos olhares<\/b><\/h2>\n<p><span style=\"font-weight: 400;\">Com a pandemia, o pertencimento \u00e0 escola pode ter outras interpreta\u00e7\u00f5es devido ao ensino remoto. Muitas escolas est\u00e3o buscando um padr\u00e3o mais sustent\u00e1vel e de longo prazo de aprendizagem em casa, partindo da import\u00e2ncia de cultivar um senso de comunidade \u00e0 dist\u00e2ncia e envolver a <\/span><b>fam\u00edlia na escola<\/b><span style=\"font-weight: 400;\">. Juntamente ao esfor\u00e7o para garantir que as crian\u00e7as e os adolescentes tenham acesso a recursos tecnol\u00f3gicos, \u00e9 fundamental o reconhecimento dos espa\u00e7os destinados \u00e0 fala e a troca com os colegas, bem como ver seus professores.<\/span><\/p>\n<p><span style=\"font-weight: 400;\">Se observarmos escolas que s\u00e3o exemplo em boas pr\u00e1ticas, o que mais se destaca em suas atuais trajet\u00f3rias \u00e9 o forte senso de pertencimento e a &#8220;presen\u00e7a do professor&#8221; que seus <\/span><b>ambientes escolares<\/b><span style=\"font-weight: 400;\"> t\u00eam sido capazes de manter, variando de usar a fun\u00e7\u00e3o de coment\u00e1rios da plataforma de aulas<\/span><i><span style=\"font-weight: 400;\"> online<\/span><\/i><span style=\"font-weight: 400;\"> para fins de <\/span><i><span style=\"font-weight: 400;\">feedback<\/span><\/i><span style=\"font-weight: 400;\"> e respostas \u00e0s mensagens at\u00e9 uma fun\u00e7\u00e3o mais anal\u00edtica, de conferir exatamente como os estudantes est\u00e3o engajados em suas tarefas, mesmo durante esse per\u00edodo de ensino remoto, ou de contat\u00e1-los e apoi\u00e1-los em suas dificuldades.\u00a0<\/span><\/p>\n<p><b>Fontes: <\/b><a href=\"https:\/\/www.uol.com.br\/vivabem\/noticias\/redacao\/2021\/04\/21\/sensacao-de-pertencimento-e-suporte-da-familia-melhoram-desempenho-escolar.htm\" target=\"_blank\" rel=\"noopener noreferrer\"><b>Sensa\u00e7\u00e3o de pertencimento e suporte da fam\u00edlia melhoram desempenho escolar<\/b><\/a><b>; <\/b><a href=\"https:\/\/www.scielo.br\/j\/pusf\/a\/8xDjLMVgznsSSDKzc5N5RrK\/?format=html&amp;lang=en\" target=\"_blank\" rel=\"noopener noreferrer\"><b>Academic achievement and the effects of the student\u2019s learning context: a study on PISA data.<\/b><\/a><\/p>\n","protected":false},"excerpt":{"rendered":"<p>O desempenho escolar est\u00e1 sujeito a um contexto de m\u00faltiplos fatores, todos relacionados ao estudante, \u00e0 escola e \u00e0 fam\u00edlia. Segundo uma pesquisa publicada na&#8230;<\/p>\n","protected":false},"author":1,"featured_media":6503,"comment_status":"open","ping_status":"open","sticky":false,"template":"","format":"standard","meta":[],"categories":[26,222,224],"tags":[1000,913,978,1001,998,999,203,850,1002],"yst_prominent_words":[583,337,205,204,275,585,316,317,578,492,835],"yoast_head":"<!-- This site is optimized with the Yoast SEO Premium plugin v14.5 - https:\/\/yoast.com\/wordpress\/plugins\/seo\/ -->\n<title>Desempenho do estudante \u00e9 influenciado por ambiente escolar e familiar<\/title>\n<meta name=\"description\" content=\"Segundo pesquisa, o desempenho na escola \u00e9 influenciado pelo ambiente escolar e familiar ao qual os jovens est\u00e3o inseridos.\" \/>\n<meta name=\"robots\" content=\"index, follow\" \/>\n<meta name=\"googlebot\" content=\"index, follow, max-snippet:-1, max-image-preview:large, max-video-preview:-1\" \/>\n<meta name=\"bingbot\" content=\"index, follow, max-snippet:-1, max-image-preview:large, max-video-preview:-1\" \/>\n<link rel=\"canonical\" href=\"https:\/\/suaescolaideal.com.br\/blog\/escolas\/2021\/06\/desempenho-do-estudante-e-influenciado-por-ambiente-escolar-e-familiar\/\" \/>\n<meta property=\"og:locale\" content=\"pt_BR\" \/>\n<meta property=\"og:type\" content=\"article\" \/>\n<meta property=\"og:title\" content=\"Desempenho do estudante \u00e9 influenciado por ambiente escolar e familiar\" \/>\n<meta property=\"og:description\" content=\"Segundo pesquisa, o desempenho na escola \u00e9 influenciado pelo ambiente escolar e familiar ao qual os jovens est\u00e3o inseridos.\" \/>\n<meta property=\"og:url\" content=\"https:\/\/suaescolaideal.com.br\/blog\/escolas\/2021\/06\/desempenho-do-estudante-e-influenciado-por-ambiente-escolar-e-familiar\/\" \/>\n<meta property=\"og:site_name\" content=\"Blog - Sua Escola Ideal\" \/>\n<meta property=\"article:publisher\" content=\"https:\/\/www.facebook.com\/suaescolaideal\/\" \/>\n<meta property=\"article:published_time\" content=\"2021-06-22T14:27:52+00:00\" \/>\n<meta property=\"article:modified_time\" content=\"2021-06-22T14:38:58+00:00\" \/>\n<meta property=\"og:image\" content=\"https:\/\/suaescolaideal.com.br\/blog\/wp-content\/uploads\/2021\/06\/0622_SEI_Post_Blog.jpg\" \/>\n\t<meta property=\"og:image:width\" content=\"904\" \/>\n\t<meta property=\"og:image:height\" content=\"450\" \/>\n<meta name=\"twitter:card\" content=\"summary_large_image\" \/>\n<script type=\"application\/ld+json\" class=\"yoast-schema-graph\">{\"@context\":\"https:\/\/schema.org\",\"@graph\":[{\"@type\":\"WebSite\",\"@id\":\"https:\/\/suaescolaideal.com.br\/blog\/#website\",\"url\":\"https:\/\/suaescolaideal.com.br\/blog\/\",\"name\":\"Sua Escola Ideal - Encontre a melhor escola para o seu filho\",\"description\":\"Conte\\u00fado sobre educa\\u00e7\\u00e3o\",\"potentialAction\":[{\"@type\":\"SearchAction\",\"target\":\"https:\/\/suaescolaideal.com.br\/blog\/?s={search_term_string}\",\"query-input\":\"required name=search_term_string\"}],\"inLanguage\":\"pt-BR\"},{\"@type\":\"ImageObject\",\"@id\":\"https:\/\/suaescolaideal.com.br\/blog\/escolas\/2021\/06\/desempenho-do-estudante-e-influenciado-por-ambiente-escolar-e-familiar\/#primaryimage\",\"inLanguage\":\"pt-BR\",\"url\":\"https:\/\/suaescolaideal.com.br\/blog\/wp-content\/uploads\/2021\/06\/0622_SEI_Post_Blog.jpg\",\"width\":904,\"height\":450,\"caption\":\"Desempenho do estudante \\u00e9 influenciado por ambiente escolar e apoio da fam\\u00edlia\"},{\"@type\":\"WebPage\",\"@id\":\"https:\/\/suaescolaideal.com.br\/blog\/escolas\/2021\/06\/desempenho-do-estudante-e-influenciado-por-ambiente-escolar-e-familiar\/#webpage\",\"url\":\"https:\/\/suaescolaideal.com.br\/blog\/escolas\/2021\/06\/desempenho-do-estudante-e-influenciado-por-ambiente-escolar-e-familiar\/\",\"name\":\"Desempenho do estudante \\u00e9 influenciado por ambiente escolar e familiar\",\"isPartOf\":{\"@id\":\"https:\/\/suaescolaideal.com.br\/blog\/#website\"},\"primaryImageOfPage\":{\"@id\":\"https:\/\/suaescolaideal.com.br\/blog\/escolas\/2021\/06\/desempenho-do-estudante-e-influenciado-por-ambiente-escolar-e-familiar\/#primaryimage\"},\"datePublished\":\"2021-06-22T14:27:52+00:00\",\"dateModified\":\"2021-06-22T14:38:58+00:00\",\"author\":{\"@id\":\"https:\/\/suaescolaideal.com.br\/blog\/#\/schema\/person\/66346b99bafe92fe8d241fd1ab881491\"},\"description\":\"Segundo pesquisa, o desempenho na escola \\u00e9 influenciado pelo ambiente escolar e familiar ao qual os jovens est\\u00e3o inseridos.\",\"inLanguage\":\"pt-BR\",\"potentialAction\":[{\"@type\":\"ReadAction\",\"target\":[\"https:\/\/suaescolaideal.com.br\/blog\/escolas\/2021\/06\/desempenho-do-estudante-e-influenciado-por-ambiente-escolar-e-familiar\/\"]}]},{\"@type\":[\"Person\"],\"@id\":\"https:\/\/suaescolaideal.com.br\/blog\/#\/schema\/person\/66346b99bafe92fe8d241fd1ab881491\",\"name\":\"Equipe SEI\",\"image\":{\"@type\":\"ImageObject\",\"@id\":\"https:\/\/suaescolaideal.com.br\/blog\/#personlogo\",\"inLanguage\":\"pt-BR\",\"url\":\"https:\/\/suaescolaideal.com.br\/blog\/wp-content\/uploads\/2020\/05\/S\\u00edmbolo.png\",\"caption\":\"Equipe SEI\"}}]}<\/script>\n<!-- \/ Yoast SEO Premium plugin. -->","_links":{"self":[{"href":"https:\/\/suaescolaideal.com.br\/blog\/wp-json\/wp\/v2\/posts\/6502"}],"collection":[{"href":"https:\/\/suaescolaideal.com.br\/blog\/wp-json\/wp\/v2\/posts"}],"about":[{"href":"https:\/\/suaescolaideal.com.br\/blog\/wp-json\/wp\/v2\/types\/post"}],"author":[{"embeddable":true,"href":"https:\/\/suaescolaideal.com.br\/blog\/wp-json\/wp\/v2\/users\/1"}],"replies":[{"embeddable":true,"href":"https:\/\/suaescolaideal.com.br\/blog\/wp-json\/wp\/v2\/comments?post=6502"}],"version-history":[{"count":5,"href":"https:\/\/suaescolaideal.com.br\/blog\/wp-json\/wp\/v2\/posts\/6502\/revisions"}],"predecessor-version":[{"id":6508,"href":"https:\/\/suaescolaideal.com.br\/blog\/wp-json\/wp\/v2\/posts\/6502\/revisions\/6508"}],"wp:featuredmedia":[{"embeddable":true,"href":"https:\/\/suaescolaideal.com.br\/blog\/wp-json\/wp\/v2\/media\/6503"}],"wp:attachment":[{"href":"https:\/\/suaescolaideal.com.br\/blog\/wp-json\/wp\/v2\/media?parent=6502"}],"wp:term":[{"taxonomy":"category","embeddable":true,"href":"https:\/\/suaescolaideal.com.br\/blog\/wp-json\/wp\/v2\/categories?post=6502"},{"taxonomy":"post_tag","embeddable":true,"href":"https:\/\/suaescolaideal.com.br\/blog\/wp-json\/wp\/v2\/tags?post=6502"},{"taxonomy":"yst_prominent_words","embeddable":true,"href":"https:\/\/suaescolaideal.com.br\/blog\/wp-json\/wp\/v2\/yst_prominent_words?post=6502"}],"curies":[{"name":"wp","href":"https:\/\/api.w.org\/{rel}","templated":true}]}}