{"id":6452,"date":"2021-05-03T15:27:40","date_gmt":"2021-05-03T18:27:40","guid":{"rendered":"https:\/\/suaescolaideal.com.br\/blog\/?p=6452"},"modified":"2021-05-12T10:30:39","modified_gmt":"2021-05-12T13:30:39","slug":"mudar-de-escola-em-tempos-de-pandemia-como-fazer","status":"publish","type":"post","link":"https:\/\/suaescolaideal.com.br\/blog\/familias\/2021\/05\/mudar-de-escola-em-tempos-de-pandemia-como-fazer\/","title":{"rendered":"Mudar de escola em tempos de pandemia: como fazer?"},"content":{"rendered":"<p><b><img loading=\"lazy\" class=\"size-full wp-image-6453 aligncenter\" src=\"https:\/\/suaescolaideal.com.br\/blog\/wp-content\/uploads\/2021\/05\/0430_SEI_Post_Blog.jpg\" alt=\"Mudar de escola em tempos de pandemia: como fazer?\" width=\"904\" height=\"450\" srcset=\"https:\/\/suaescolaideal.com.br\/blog\/wp-content\/uploads\/2021\/05\/0430_SEI_Post_Blog.jpg 904w, https:\/\/suaescolaideal.com.br\/blog\/wp-content\/uploads\/2021\/05\/0430_SEI_Post_Blog-300x149.jpg 300w, https:\/\/suaescolaideal.com.br\/blog\/wp-content\/uploads\/2021\/05\/0430_SEI_Post_Blog-768x382.jpg 768w, https:\/\/suaescolaideal.com.br\/blog\/wp-content\/uploads\/2021\/05\/0430_SEI_Post_Blog-670x335.jpg 670w\" sizes=\"(max-width: 904px) 100vw, 904px\" \/><\/b><\/p>\n<p><b>Mudar de escola<\/b><span style=\"font-weight: 400;\"> nunca \u00e9 um momento f\u00e1cil para as crian\u00e7as. A maioria delas tem uma certa resist\u00eancia a mudan\u00e7as. Ao mesmo tempo, essa pode ser a decis\u00e3o correta para que elas prosperem em uma nova rotina realmente preparada para receb\u00ea-las. Surge, ent\u00e3o, o dilema: mudar ou n\u00e3o de escola em meio a uma pandemia global? Se a decis\u00e3o for pela matr\u00edcula em outra institui\u00e7\u00e3o, quais fatores devem ser levados em considera\u00e7\u00e3o? O primeiro dever da fam\u00edlia \u00e9 ponderar os benef\u00edcios da mudan\u00e7a perante o conforto do j\u00e1 estabelecido ambiente, a escola e a vida social proporcionada \u00e0s crian\u00e7as e\/ou aos adolescentes, principalmente considerando que, hoje em dia, a estabilidade \u00e9 um elemento essencial.\u00a0<\/span><\/p>\n<h2><b>Durante a pandemia, a experi\u00eancia digital da escola \u00e9 decisiva<\/b><\/h2>\n<p><span style=\"font-weight: 400;\">Quando a pandemia fez os governos mundiais aplicarem restri\u00e7\u00f5es ao funcionamento das escolas presenciais, in\u00fameras institui\u00e7\u00f5es tiveram de fazer a transi\u00e7\u00e3o para algum tipo de op\u00e7\u00e3o de aprendizagem digital. Mas ensino remoto e a dist\u00e2ncia s\u00e3o coisas diferentes; se em 2020 o susto exigiu <a href=\"https:\/\/suaescolaideal.com.br\/blog\/familias\/2020\/12\/como-lidar-com-a-adaptacao-escolar\/\" target=\"_blank\" rel=\"noopener noreferrer\">adapta\u00e7\u00f5es \u00e1geis<\/a>, mas n\u00e3o t\u00e3o eficientes a longo prazo, em 2021 o panorama ser\u00e1 diferente. Ao optar por <\/span><b>mudar de escola, <\/b><span style=\"font-weight: 400;\">os pais precisam ter a garantia de escolher aquela que tenha a estrutura adequada para a melhor experi\u00eancia de <\/span><b>aula <\/b><b><i>online<\/i><\/b><span style=\"font-weight: 400;\"> ou h\u00edbrida.\u00a0<\/span><\/p>\n<p><span style=\"font-weight: 400;\">Por isso \u00e9 importante dar uma olhada nas op\u00e7\u00f5es digitais adotadas, entender como o curr\u00edculo foi adaptado e quais s\u00e3o as ferramentas que s\u00e3o disponibilizadas. Embora ningu\u00e9m queira fazer ou v\u00e1 fazer os cursos 100% <\/span><i><span style=\"font-weight: 400;\">online<\/span><\/i><span style=\"font-weight: 400;\"> para sempre, por enquanto tem de se certificar de que o curso ofertado tem o mesmo n\u00edvel que seria procurado em aulas presenciais. A tecnologia fornecida deve possibilitar que os alunos se re\u00fanam virtualmente com facilidade e colaborem para realizar diferentes tipos de tarefas, ou em grupo, ou individuais.<\/span><\/p>\n<p><span style=\"font-weight: 400;\">Al\u00e9m disso, ao <\/span><b>mudar de escola, <\/b><span style=\"font-weight: 400;\">o estudante ser\u00e1 desafiado? O col\u00e9gio novo est\u00e1 atualizado quanto \u00e0 nova base curricular? As metodologias de ensino satisfazem suas exig\u00eancias? O corpo docente recebe forma\u00e7\u00e3o continuada? A gest\u00e3o \u00e9 atenta \u00e0 rela\u00e7\u00e3o desenvolvida com a fam\u00edlia? H\u00e1 incentivo a variadas atividades, como esportes e artes? Tudo isso tem de ser observado em circunst\u00e2ncias normais, mas, durante a pandemia, s\u00e3o fatores que podem ser esquecidos por muitas institui\u00e7\u00f5es, que se apegam apenas ao conte\u00fado massivo. Exigir uma educa\u00e7\u00e3o completa e multidisciplinar, mesmo durante as <\/span><b>aulas <\/b><b><i>online<\/i><\/b><span style=\"font-weight: 400;\">,<\/span> <span style=\"font-weight: 400;\">\u00e9 decisivo para a forma\u00e7\u00e3o de crian\u00e7as e adolescentes.<\/span><\/p>\n<h2><b>Aten\u00e7\u00e3o \u00e0s medidas de sa\u00fade e seguran\u00e7a dispon\u00edveis na escola<\/b><\/h2>\n<p><span style=\"font-weight: 400;\">Al\u00e9m de observar a experi\u00eancia digital, na hora de <\/span><b>mudar de escola <\/b><span style=\"font-weight: 400;\">os respons\u00e1veis tamb\u00e9m devem examinar cuidadosamente as medidas de sa\u00fade e seguran\u00e7a estabelecidas para o retorno presencial. Mesmo que os estudantes passem muito tempo aprendendo virtualmente, o ambiente f\u00edsico compreende uma grande parte da experi\u00eancia escolar. \u00c9 bom se certificar de que a escola est\u00e1 tomando as medidas necess\u00e1rias de seguran\u00e7a e higiene. As fam\u00edlias querem saber se o col\u00e9gio selecionado prioriza a sa\u00fade de seus filhos.<\/span><\/p>\n<p><span style=\"font-weight: 400;\">Nesse quesito, algumas institui\u00e7\u00f5es t\u00eam oferecido <\/span><i><span style=\"font-weight: 400;\">tours<\/span><\/i><span style=\"font-weight: 400;\"> virtuais, v\u00eddeos no YouTube e posts em m\u00eddias sociais para oferecer informa\u00e7\u00f5es sobre a escola e a qualidade do espa\u00e7o. Atentar-se a esse tipo de \u201cdegusta\u00e7\u00e3o\u201d ajuda a ter melhor aprecia\u00e7\u00e3o da vida que a crian\u00e7a ou o adolescente ter\u00e1 ali. Certifique-se de que as medidas tomadas na escola e as prioridades que s\u00e3o expressadas por ela est\u00e3o de acordo com as necessidades que voc\u00ea busca aplacar.<\/span><\/p>\n<h3><b>Mudar de escola: discutindo a mudan\u00e7a com as crian\u00e7as<\/b><\/h3>\n<p><span style=\"font-weight: 400;\">N\u00e3o importa quais sejam as circunst\u00e2ncias, a maneira mais importante de preparar as crian\u00e7as para <\/span><b>mudar de escola <\/b><span style=\"font-weight: 400;\">\u00e9 falar com elas sobre o assunto. Tente dar a elas o m\u00e1ximo de informa\u00e7\u00f5es sobre a mudan\u00e7a o mais r\u00e1pido que puder. Responda \u00e0s perguntas de maneira completa e verdadeira, e seja receptivo a rea\u00e7\u00f5es positivas e negativas. Mesmo que a mudan\u00e7a signifique melhoria na vida acad\u00eamica, crian\u00e7as e jovens nem sempre entendem isso e podem estar focados em seus aspectos assustadores. Envolv\u00ea-las o m\u00e1ximo poss\u00edvel no planejamento faz eles se sentirem participantes do processo de busca por uma nova escola. Isso pode fazer a mudan\u00e7a parecer menos for\u00e7ada.<\/span><\/p>\n","protected":false},"excerpt":{"rendered":"<p>Mudar de escola nunca \u00e9 um momento f\u00e1cil para as crian\u00e7as. A maioria delas tem uma certa resist\u00eancia a mudan\u00e7as. Ao mesmo tempo, essa pode&#8230;<\/p>\n","protected":false},"author":1,"featured_media":6453,"comment_status":"open","ping_status":"open","sticky":false,"template":"","format":"standard","meta":[],"categories":[222],"tags":[911,908,912,913,909,907,910],"yst_prominent_words":[265,385,275,926,923,541,927,921,920,925,924,919,928,929,208,930,922,931,211,272],"yoast_head":"<!-- This site is optimized with the Yoast SEO Premium plugin v14.5 - https:\/\/yoast.com\/wordpress\/plugins\/seo\/ -->\n<title>Mudar de escola em tempos de pandemia: como fazer?<\/title>\n<meta name=\"description\" content=\"Ao optar por mudar de escola, os pais precisam garantir escolher uma que tenha a estrutura adequada para a melhor experi\u00eancia de aula online ou h\u00edbrida.\" \/>\n<meta name=\"robots\" content=\"index, follow\" \/>\n<meta name=\"googlebot\" content=\"index, follow, max-snippet:-1, max-image-preview:large, max-video-preview:-1\" \/>\n<meta name=\"bingbot\" content=\"index, follow, max-snippet:-1, max-image-preview:large, max-video-preview:-1\" \/>\n<link rel=\"canonical\" href=\"https:\/\/suaescolaideal.com.br\/blog\/familias\/2021\/05\/mudar-de-escola-em-tempos-de-pandemia-como-fazer\/\" \/>\n<meta property=\"og:locale\" content=\"pt_BR\" \/>\n<meta property=\"og:type\" content=\"article\" \/>\n<meta property=\"og:title\" content=\"Mudar de escola em tempos de pandemia: como fazer?\" \/>\n<meta property=\"og:description\" content=\"Ao optar por mudar de escola, os pais precisam garantir escolher uma que tenha a estrutura adequada para a melhor experi\u00eancia de aula online ou h\u00edbrida.\" \/>\n<meta property=\"og:url\" content=\"https:\/\/suaescolaideal.com.br\/blog\/familias\/2021\/05\/mudar-de-escola-em-tempos-de-pandemia-como-fazer\/\" \/>\n<meta property=\"og:site_name\" content=\"Blog - Sua Escola Ideal\" \/>\n<meta property=\"article:publisher\" content=\"https:\/\/www.facebook.com\/suaescolaideal\/\" \/>\n<meta property=\"article:published_time\" content=\"2021-05-03T18:27:40+00:00\" \/>\n<meta property=\"article:modified_time\" content=\"2021-05-12T13:30:39+00:00\" \/>\n<meta property=\"og:image\" content=\"https:\/\/suaescolaideal.com.br\/blog\/wp-content\/uploads\/2021\/05\/0430_SEI_Post_Blog.jpg\" \/>\n\t<meta property=\"og:image:width\" content=\"904\" \/>\n\t<meta property=\"og:image:height\" content=\"450\" \/>\n<meta name=\"twitter:card\" content=\"summary_large_image\" \/>\n<script type=\"application\/ld+json\" class=\"yoast-schema-graph\">{\"@context\":\"https:\/\/schema.org\",\"@graph\":[{\"@type\":\"WebSite\",\"@id\":\"https:\/\/suaescolaideal.com.br\/blog\/#website\",\"url\":\"https:\/\/suaescolaideal.com.br\/blog\/\",\"name\":\"Sua Escola Ideal - Encontre a melhor escola para o seu filho\",\"description\":\"Conte\\u00fado sobre educa\\u00e7\\u00e3o\",\"potentialAction\":[{\"@type\":\"SearchAction\",\"target\":\"https:\/\/suaescolaideal.com.br\/blog\/?s={search_term_string}\",\"query-input\":\"required name=search_term_string\"}],\"inLanguage\":\"pt-BR\"},{\"@type\":\"ImageObject\",\"@id\":\"https:\/\/suaescolaideal.com.br\/blog\/familias\/2021\/05\/mudar-de-escola-em-tempos-de-pandemia-como-fazer\/#primaryimage\",\"inLanguage\":\"pt-BR\",\"url\":\"https:\/\/suaescolaideal.com.br\/blog\/wp-content\/uploads\/2021\/05\/0430_SEI_Post_Blog.jpg\",\"width\":904,\"height\":450,\"caption\":\"Mudar de escola em tempos de pandemia: como fazer?\"},{\"@type\":\"WebPage\",\"@id\":\"https:\/\/suaescolaideal.com.br\/blog\/familias\/2021\/05\/mudar-de-escola-em-tempos-de-pandemia-como-fazer\/#webpage\",\"url\":\"https:\/\/suaescolaideal.com.br\/blog\/familias\/2021\/05\/mudar-de-escola-em-tempos-de-pandemia-como-fazer\/\",\"name\":\"Mudar de escola em tempos de pandemia: como fazer?\",\"isPartOf\":{\"@id\":\"https:\/\/suaescolaideal.com.br\/blog\/#website\"},\"primaryImageOfPage\":{\"@id\":\"https:\/\/suaescolaideal.com.br\/blog\/familias\/2021\/05\/mudar-de-escola-em-tempos-de-pandemia-como-fazer\/#primaryimage\"},\"datePublished\":\"2021-05-03T18:27:40+00:00\",\"dateModified\":\"2021-05-12T13:30:39+00:00\",\"author\":{\"@id\":\"https:\/\/suaescolaideal.com.br\/blog\/#\/schema\/person\/66346b99bafe92fe8d241fd1ab881491\"},\"description\":\"Ao optar por mudar de escola, os pais precisam garantir escolher uma que tenha a estrutura adequada para a melhor experi\\u00eancia de aula online ou h\\u00edbrida.\",\"inLanguage\":\"pt-BR\",\"potentialAction\":[{\"@type\":\"ReadAction\",\"target\":[\"https:\/\/suaescolaideal.com.br\/blog\/familias\/2021\/05\/mudar-de-escola-em-tempos-de-pandemia-como-fazer\/\"]}]},{\"@type\":[\"Person\"],\"@id\":\"https:\/\/suaescolaideal.com.br\/blog\/#\/schema\/person\/66346b99bafe92fe8d241fd1ab881491\",\"name\":\"Equipe SEI\",\"image\":{\"@type\":\"ImageObject\",\"@id\":\"https:\/\/suaescolaideal.com.br\/blog\/#personlogo\",\"inLanguage\":\"pt-BR\",\"url\":\"https:\/\/suaescolaideal.com.br\/blog\/wp-content\/uploads\/2020\/05\/S\\u00edmbolo.png\",\"caption\":\"Equipe SEI\"}}]}<\/script>\n<!-- \/ Yoast SEO Premium plugin. -->","_links":{"self":[{"href":"https:\/\/suaescolaideal.com.br\/blog\/wp-json\/wp\/v2\/posts\/6452"}],"collection":[{"href":"https:\/\/suaescolaideal.com.br\/blog\/wp-json\/wp\/v2\/posts"}],"about":[{"href":"https:\/\/suaescolaideal.com.br\/blog\/wp-json\/wp\/v2\/types\/post"}],"author":[{"embeddable":true,"href":"https:\/\/suaescolaideal.com.br\/blog\/wp-json\/wp\/v2\/users\/1"}],"replies":[{"embeddable":true,"href":"https:\/\/suaescolaideal.com.br\/blog\/wp-json\/wp\/v2\/comments?post=6452"}],"version-history":[{"count":5,"href":"https:\/\/suaescolaideal.com.br\/blog\/wp-json\/wp\/v2\/posts\/6452\/revisions"}],"predecessor-version":[{"id":6465,"href":"https:\/\/suaescolaideal.com.br\/blog\/wp-json\/wp\/v2\/posts\/6452\/revisions\/6465"}],"wp:featuredmedia":[{"embeddable":true,"href":"https:\/\/suaescolaideal.com.br\/blog\/wp-json\/wp\/v2\/media\/6453"}],"wp:attachment":[{"href":"https:\/\/suaescolaideal.com.br\/blog\/wp-json\/wp\/v2\/media?parent=6452"}],"wp:term":[{"taxonomy":"category","embeddable":true,"href":"https:\/\/suaescolaideal.com.br\/blog\/wp-json\/wp\/v2\/categories?post=6452"},{"taxonomy":"post_tag","embeddable":true,"href":"https:\/\/suaescolaideal.com.br\/blog\/wp-json\/wp\/v2\/tags?post=6452"},{"taxonomy":"yst_prominent_words","embeddable":true,"href":"https:\/\/suaescolaideal.com.br\/blog\/wp-json\/wp\/v2\/yst_prominent_words?post=6452"}],"curies":[{"name":"wp","href":"https:\/\/api.w.org\/{rel}","templated":true}]}}