{"id":6404,"date":"2021-03-19T16:39:25","date_gmt":"2021-03-19T19:39:25","guid":{"rendered":"https:\/\/suaescolaideal.com.br\/blog\/?p=6404"},"modified":"2021-03-19T18:59:10","modified_gmt":"2021-03-19T21:59:10","slug":"como-a-aprendizagem-se-tornou-global-diretora-da-maple-bear-aborda-sobre-o-tema-no-evento-conecta-ex","status":"publish","type":"post","link":"https:\/\/suaescolaideal.com.br\/blog\/escolas\/2021\/03\/como-a-aprendizagem-se-tornou-global-diretora-da-maple-bear-aborda-sobre-o-tema-no-evento-conecta-ex\/","title":{"rendered":"Como a aprendizagem se tornou global?  Diretora da Maple Bear aborda sobre o tema no evento Conecta EX"},"content":{"rendered":"<p><em>&#8220;O in\u00edcio da transforma\u00e7\u00e3o do mundo se dar\u00e1 a partir do engajamento com o mundo. Na Maple Bear nossa miss\u00e3o como educadores \u00e9 conectar os alunos com o mundo e promover sua mudan\u00e7a tecnol\u00f3gica t\u00eam impactado a forma como nos relacionamos, como percebemos nossos desejos e nossas possibilidades de atua\u00e7\u00e3o e o alcance do impacto de nossas a\u00e7\u00f5es pela aprendizagem\u201d<\/em> diz <strong>Cintia Sant\u2019Anna, diretora acad\u00eamica da Maple Bear<\/strong>, que ser\u00e1 uma das palestrantes do<strong> Conecta EX<\/strong>, evento totalmente digital e gratuito que ocorre nos dias 24 e 25 de mar\u00e7o.<\/p>\n<p><em><img loading=\"lazy\" class=\"wp-image-6405 alignleft\" src=\"https:\/\/suaescolaideal.com.br\/blog\/wp-content\/uploads\/2021\/03\/MAPLE-BEAR-Cinthia-SantAnna-Diretora-Acad\u00eamica-682x1024.jpeg\" alt=\"\" width=\"191\" height=\"287\" srcset=\"https:\/\/suaescolaideal.com.br\/blog\/wp-content\/uploads\/2021\/03\/MAPLE-BEAR-Cinthia-SantAnna-Diretora-Acad\u00eamica-682x1024.jpeg 682w, https:\/\/suaescolaideal.com.br\/blog\/wp-content\/uploads\/2021\/03\/MAPLE-BEAR-Cinthia-SantAnna-Diretora-Acad\u00eamica-200x300.jpeg 200w, https:\/\/suaescolaideal.com.br\/blog\/wp-content\/uploads\/2021\/03\/MAPLE-BEAR-Cinthia-SantAnna-Diretora-Acad\u00eamica-768x1152.jpeg 768w, https:\/\/suaescolaideal.com.br\/blog\/wp-content\/uploads\/2021\/03\/MAPLE-BEAR-Cinthia-SantAnna-Diretora-Acad\u00eamica.jpeg 853w\" sizes=\"(max-width: 191px) 100vw, 191px\" \/><\/em><\/p>\n<p>O congresso virtual contar\u00e1 com 19 encontros, dezenas de palestras e deve atingir at\u00e9 50 mil pessoas. Cintia ir\u00e1 liderar o painel sobre\u00a0\u201cComo a aprendizagem se tornou global\u201d, que ocorre ao vivo dia 25\/03, \u00e0s 15h.\u00a0A crescente acelera\u00e7\u00e3o da globaliza\u00e7\u00e3o e transforma\u00e7\u00e3o.<\/p>\n<p>O acesso a essas novas oportunidades inicia-se pela educa\u00e7\u00e3o. Ela trar\u00e1 tamb\u00e9m exemplos de boas pr\u00e1ticas de modelos de pa\u00edses com altos \u00edndices de desenvolvimento econ\u00f4mico e excel\u00eancia em educa\u00e7\u00e3o, como Canad\u00e1, na qual o multiculturalismo e o protagonismo do aluno na aprendizagem s\u00e3o quest\u00f5es centrais. O Conecta EX \u00e9 um evento gratuito voltado a gestores, diretores e mantenedores de escolas particulares.<\/p>\n<p>Inscreva-se gratuitamente no evento acessando <a href=\"https:\/\/escolasexponenciais.com.br\/evento-conecta\/\">https:\/\/escolasexponenciais.com.br\/evento-conecta<\/a><\/p>\n<p>&nbsp;<\/p>\n","protected":false},"excerpt":{"rendered":"<p>&#8220;O in\u00edcio da transforma\u00e7\u00e3o do mundo se dar\u00e1 a partir do engajamento com o mundo. Na Maple Bear nossa miss\u00e3o como educadores \u00e9 conectar os&#8230;<\/p>\n","protected":false},"author":1,"featured_media":6405,"comment_status":"open","ping_status":"open","sticky":false,"template":"","format":"standard","meta":[],"categories":[26,222,224],"tags":[],"yst_prominent_words":[552,826,207,825,824,646,680],"yoast_head":"<!-- This site is optimized with the Yoast SEO Premium plugin v14.5 - https:\/\/yoast.com\/wordpress\/plugins\/seo\/ -->\n<title>Como a aprendizagem se tornou global? Diretora da Maple Bear aborda sobre o tema no evento Conecta EX - Blog - Sua Escola Ideal<\/title>\n<meta name=\"robots\" content=\"index, follow\" \/>\n<meta name=\"googlebot\" content=\"index, follow, max-snippet:-1, max-image-preview:large, max-video-preview:-1\" \/>\n<meta name=\"bingbot\" content=\"index, follow, max-snippet:-1, max-image-preview:large, max-video-preview:-1\" \/>\n<link rel=\"canonical\" href=\"https:\/\/suaescolaideal.com.br\/blog\/escolas\/2021\/03\/como-a-aprendizagem-se-tornou-global-diretora-da-maple-bear-aborda-sobre-o-tema-no-evento-conecta-ex\/\" \/>\n<meta property=\"og:locale\" content=\"pt_BR\" \/>\n<meta property=\"og:type\" content=\"article\" \/>\n<meta property=\"og:title\" content=\"Como a aprendizagem se tornou global? Diretora da Maple Bear aborda sobre o tema no evento Conecta EX - Blog - Sua Escola Ideal\" \/>\n<meta property=\"og:description\" content=\"&#8220;O in\u00edcio da transforma\u00e7\u00e3o do mundo se dar\u00e1 a partir do engajamento com o mundo. Na Maple Bear nossa miss\u00e3o como educadores \u00e9 conectar os...\" \/>\n<meta property=\"og:url\" content=\"https:\/\/suaescolaideal.com.br\/blog\/escolas\/2021\/03\/como-a-aprendizagem-se-tornou-global-diretora-da-maple-bear-aborda-sobre-o-tema-no-evento-conecta-ex\/\" \/>\n<meta property=\"og:site_name\" content=\"Blog - Sua Escola Ideal\" \/>\n<meta property=\"article:publisher\" content=\"https:\/\/www.facebook.com\/suaescolaideal\/\" \/>\n<meta property=\"article:published_time\" content=\"2021-03-19T19:39:25+00:00\" \/>\n<meta property=\"article:modified_time\" content=\"2021-03-19T21:59:10+00:00\" \/>\n<meta property=\"og:image\" content=\"https:\/\/suaescolaideal.com.br\/blog\/wp-content\/uploads\/2021\/03\/MAPLE-BEAR-Cinthia-SantAnna-Diretora-Acad\u00eamica.jpeg\" \/>\n\t<meta property=\"og:image:width\" content=\"853\" \/>\n\t<meta property=\"og:image:height\" content=\"1280\" \/>\n<meta name=\"twitter:card\" content=\"summary_large_image\" \/>\n<script type=\"application\/ld+json\" class=\"yoast-schema-graph\">{\"@context\":\"https:\/\/schema.org\",\"@graph\":[{\"@type\":\"WebSite\",\"@id\":\"https:\/\/suaescolaideal.com.br\/blog\/#website\",\"url\":\"https:\/\/suaescolaideal.com.br\/blog\/\",\"name\":\"Sua Escola Ideal - Encontre a melhor escola para o seu filho\",\"description\":\"Conte\\u00fado sobre educa\\u00e7\\u00e3o\",\"potentialAction\":[{\"@type\":\"SearchAction\",\"target\":\"https:\/\/suaescolaideal.com.br\/blog\/?s={search_term_string}\",\"query-input\":\"required name=search_term_string\"}],\"inLanguage\":\"pt-BR\"},{\"@type\":\"ImageObject\",\"@id\":\"https:\/\/suaescolaideal.com.br\/blog\/escolas\/2021\/03\/como-a-aprendizagem-se-tornou-global-diretora-da-maple-bear-aborda-sobre-o-tema-no-evento-conecta-ex\/#primaryimage\",\"inLanguage\":\"pt-BR\",\"url\":\"https:\/\/suaescolaideal.com.br\/blog\/wp-content\/uploads\/2021\/03\/MAPLE-BEAR-Cinthia-SantAnna-Diretora-Acad\\u00eamica.jpeg\",\"width\":853,\"height\":1280},{\"@type\":\"WebPage\",\"@id\":\"https:\/\/suaescolaideal.com.br\/blog\/escolas\/2021\/03\/como-a-aprendizagem-se-tornou-global-diretora-da-maple-bear-aborda-sobre-o-tema-no-evento-conecta-ex\/#webpage\",\"url\":\"https:\/\/suaescolaideal.com.br\/blog\/escolas\/2021\/03\/como-a-aprendizagem-se-tornou-global-diretora-da-maple-bear-aborda-sobre-o-tema-no-evento-conecta-ex\/\",\"name\":\"Como a aprendizagem se tornou global? Diretora da Maple Bear aborda sobre o tema no evento Conecta EX - Blog - Sua Escola Ideal\",\"isPartOf\":{\"@id\":\"https:\/\/suaescolaideal.com.br\/blog\/#website\"},\"primaryImageOfPage\":{\"@id\":\"https:\/\/suaescolaideal.com.br\/blog\/escolas\/2021\/03\/como-a-aprendizagem-se-tornou-global-diretora-da-maple-bear-aborda-sobre-o-tema-no-evento-conecta-ex\/#primaryimage\"},\"datePublished\":\"2021-03-19T19:39:25+00:00\",\"dateModified\":\"2021-03-19T21:59:10+00:00\",\"author\":{\"@id\":\"https:\/\/suaescolaideal.com.br\/blog\/#\/schema\/person\/66346b99bafe92fe8d241fd1ab881491\"},\"inLanguage\":\"pt-BR\",\"potentialAction\":[{\"@type\":\"ReadAction\",\"target\":[\"https:\/\/suaescolaideal.com.br\/blog\/escolas\/2021\/03\/como-a-aprendizagem-se-tornou-global-diretora-da-maple-bear-aborda-sobre-o-tema-no-evento-conecta-ex\/\"]}]},{\"@type\":[\"Person\"],\"@id\":\"https:\/\/suaescolaideal.com.br\/blog\/#\/schema\/person\/66346b99bafe92fe8d241fd1ab881491\",\"name\":\"Equipe SEI\",\"image\":{\"@type\":\"ImageObject\",\"@id\":\"https:\/\/suaescolaideal.com.br\/blog\/#personlogo\",\"inLanguage\":\"pt-BR\",\"url\":\"https:\/\/suaescolaideal.com.br\/blog\/wp-content\/uploads\/2020\/05\/S\\u00edmbolo.png\",\"caption\":\"Equipe SEI\"}}]}<\/script>\n<!-- \/ Yoast SEO Premium plugin. -->","_links":{"self":[{"href":"https:\/\/suaescolaideal.com.br\/blog\/wp-json\/wp\/v2\/posts\/6404"}],"collection":[{"href":"https:\/\/suaescolaideal.com.br\/blog\/wp-json\/wp\/v2\/posts"}],"about":[{"href":"https:\/\/suaescolaideal.com.br\/blog\/wp-json\/wp\/v2\/types\/post"}],"author":[{"embeddable":true,"href":"https:\/\/suaescolaideal.com.br\/blog\/wp-json\/wp\/v2\/users\/1"}],"replies":[{"embeddable":true,"href":"https:\/\/suaescolaideal.com.br\/blog\/wp-json\/wp\/v2\/comments?post=6404"}],"version-history":[{"count":4,"href":"https:\/\/suaescolaideal.com.br\/blog\/wp-json\/wp\/v2\/posts\/6404\/revisions"}],"predecessor-version":[{"id":6410,"href":"https:\/\/suaescolaideal.com.br\/blog\/wp-json\/wp\/v2\/posts\/6404\/revisions\/6410"}],"wp:featuredmedia":[{"embeddable":true,"href":"https:\/\/suaescolaideal.com.br\/blog\/wp-json\/wp\/v2\/media\/6405"}],"wp:attachment":[{"href":"https:\/\/suaescolaideal.com.br\/blog\/wp-json\/wp\/v2\/media?parent=6404"}],"wp:term":[{"taxonomy":"category","embeddable":true,"href":"https:\/\/suaescolaideal.com.br\/blog\/wp-json\/wp\/v2\/categories?post=6404"},{"taxonomy":"post_tag","embeddable":true,"href":"https:\/\/suaescolaideal.com.br\/blog\/wp-json\/wp\/v2\/tags?post=6404"},{"taxonomy":"yst_prominent_words","embeddable":true,"href":"https:\/\/suaescolaideal.com.br\/blog\/wp-json\/wp\/v2\/yst_prominent_words?post=6404"}],"curies":[{"name":"wp","href":"https:\/\/api.w.org\/{rel}","templated":true}]}}