{"id":6327,"date":"2021-02-02T09:00:46","date_gmt":"2021-02-02T12:00:46","guid":{"rendered":"https:\/\/suaescolaideal.com.br\/blog\/?p=6327"},"modified":"2021-01-27T11:16:19","modified_gmt":"2021-01-27T14:16:19","slug":"o-que-muda-nas-escolas-durante-o-pos-pandemia","status":"publish","type":"post","link":"https:\/\/suaescolaideal.com.br\/blog\/escolas\/2021\/02\/o-que-muda-nas-escolas-durante-o-pos-pandemia\/","title":{"rendered":"O que muda nas escolas durante o p\u00f3s-pandemia"},"content":{"rendered":"<p><img loading=\"lazy\" class=\"alignnone wp-image-6328 size-full\" src=\"https:\/\/suaescolaideal.com.br\/blog\/wp-content\/uploads\/2021\/01\/O-que-muda-nas-escolas-durante-o-p\u00f3s-pandemia.jpg\" alt=\"\" width=\"904\" height=\"450\" srcset=\"https:\/\/suaescolaideal.com.br\/blog\/wp-content\/uploads\/2021\/01\/O-que-muda-nas-escolas-durante-o-p\u00f3s-pandemia.jpg 904w, https:\/\/suaescolaideal.com.br\/blog\/wp-content\/uploads\/2021\/01\/O-que-muda-nas-escolas-durante-o-p\u00f3s-pandemia-300x149.jpg 300w, https:\/\/suaescolaideal.com.br\/blog\/wp-content\/uploads\/2021\/01\/O-que-muda-nas-escolas-durante-o-p\u00f3s-pandemia-768x382.jpg 768w, https:\/\/suaescolaideal.com.br\/blog\/wp-content\/uploads\/2021\/01\/O-que-muda-nas-escolas-durante-o-p\u00f3s-pandemia-670x335.jpg 670w\" sizes=\"(max-width: 904px) 100vw, 904px\" \/><\/p>\n<p><span style=\"font-weight: 400;\">Revezamento de turmas, distanciamento, ambientes bem higienizados, todos de m\u00e1scara, \u00e1lcool gel em todos os locais da escola e nada de aglomera\u00e7\u00f5es. Esse \u00e9 o novo cen\u00e1rio das escolas enquanto n\u00e3o temos a vacina. O governo estadual de S\u00e3o Paulo j\u00e1 informou que em 2021 os alunos ter\u00e3o at\u00e9 2 aulas presenciais por semana e isso leva as escolas a pensarem em um planejamento pr\u00e9vio.<\/span><\/p>\n<p><span style=\"font-weight: 400;\">Existem alguns comportamentos e pr\u00e1ticas que as escolas devem adotar para a adapta\u00e7\u00e3o da educa\u00e7\u00e3o nesse momento.<\/span><\/p>\n<h3><b>Comunica\u00e7\u00e3o entre os pais e a escola<\/b><\/h3>\n<p><span style=\"font-weight: 400;\">Depois de tanto tempo vivendo juntos e com uma rotina totalmente diferente, muitas fam\u00edlias sofreram grandes adapta\u00e7\u00f5es. Alguns pais j\u00e1 retomaram seus compromissos e deveres como era normal antes da pandemia. Agora, isso inclui tamb\u00e9m a volta dos seus filhos para a escola.<\/span><\/p>\n<p><span style=\"font-weight: 400;\">A parceria da escola com a fam\u00edlia vai ser importante para dar suporte \u00e0 crian\u00e7a durante essa adapta\u00e7\u00e3o. Os pais devem estar cientes das normas da escola na volta \u00e0s aulas, e conscientizar seus filhos a respeito dos cuidados com higiene e o respeito pelas regras de distanciamento.<\/span><\/p>\n<p><span style=\"font-weight: 400;\">Muitos estudantes ter\u00e3o dificuldades em compreender e at\u00e9 mesmo aplicar essas regras. A escola deve refor\u00e7ar as normas e cuidados de boa conviv\u00eancia tanto para os estudantes quanto para os demais profissionais da escola.\u00a0<\/span><\/p>\n<h3><b>Nova forma de aprendizagem<\/b><\/h3>\n<p><span style=\"font-weight: 400;\">As escolas devem estar preparadas para seguir novos caminhos na aprendizagem, propondo solu\u00e7\u00f5es mais integradas ao dia a dia dos alunos. Al\u00e9m disso, \u00e9 importante entender o papel da tecnologia em todo esse processo, enxergando ela como uma aliada. Estimule os alunos com as possibilidades de aprendizagem que a tecnologia pode oferecer.\u00a0<\/span><\/p>\n<p><span style=\"font-weight: 400;\">\u00c9 interessante que a escola realize um diagn\u00f3stico dos alunos. Essa \u00e9 uma forma de verificar o que de fato foi absorvido durante esse per\u00edodo de aulas remotas, e d\u00e1 uma no\u00e7\u00e3o dos diferentes n\u00edveis de aprendizagem dos alunos, sendo mais f\u00e1cil identificar quais estrat\u00e9gias abordar. Esse \u00e9 o momento de acolher os estudantes e entender o que precisa ser melhorado.<\/span><\/p>\n<p><span style=\"font-weight: 400;\">No <\/span><a href=\"https:\/\/suaescolaideal.com.br\/blog\/\"><b>blog<\/b><\/a><span style=\"font-weight: 400;\"> da <\/span><i><span style=\"font-weight: 400;\">Sua Escola Ideal<\/span><\/i><span style=\"font-weight: 400;\">, voc\u00ea pode conferir outras mat\u00e9rias sobre educa\u00e7\u00e3o.<\/span><\/p>\n","protected":false},"excerpt":{"rendered":"<p>Revezamento de turmas, distanciamento, ambientes bem higienizados, todos de m\u00e1scara, \u00e1lcool gel em todos os locais da escola e nada de aglomera\u00e7\u00f5es. Esse \u00e9 o&#8230;<\/p>\n","protected":false},"author":1,"featured_media":6328,"comment_status":"open","ping_status":"open","sticky":false,"template":"","format":"standard","meta":[],"categories":[26],"tags":[53,304,51,55,50,54,544],"yst_prominent_words":[740,739,310,552,737,743,476,738,207,275,316,736,578,549,741,742,214,744,691,504],"yoast_head":"<!-- This site is optimized with the Yoast SEO Premium plugin v14.5 - https:\/\/yoast.com\/wordpress\/plugins\/seo\/ -->\n<title>O que muda nas escolas durante o p\u00f3s-pandemia - Blog - Sua Escola Ideal<\/title>\n<meta name=\"description\" content=\"Revezamento de turmas, distanciamento, todos de m\u00e1scara, \u00e1lcool gel em todos os locais da escola e nada de aglomera\u00e7\u00f5es: esse \u00e9 o novo cen\u00e1rio das escolas.\" \/>\n<meta name=\"robots\" content=\"index, follow\" \/>\n<meta name=\"googlebot\" content=\"index, follow, max-snippet:-1, max-image-preview:large, max-video-preview:-1\" \/>\n<meta name=\"bingbot\" content=\"index, follow, max-snippet:-1, max-image-preview:large, max-video-preview:-1\" \/>\n<link rel=\"canonical\" href=\"https:\/\/suaescolaideal.com.br\/blog\/escolas\/2021\/02\/o-que-muda-nas-escolas-durante-o-pos-pandemia\/\" \/>\n<meta property=\"og:locale\" content=\"pt_BR\" \/>\n<meta property=\"og:type\" content=\"article\" \/>\n<meta property=\"og:title\" content=\"O que muda nas escolas durante o p\u00f3s-pandemia - Blog - Sua Escola Ideal\" \/>\n<meta property=\"og:description\" content=\"Revezamento de turmas, distanciamento, todos de m\u00e1scara, \u00e1lcool gel em todos os locais da escola e nada de aglomera\u00e7\u00f5es: esse \u00e9 o novo cen\u00e1rio das escolas.\" \/>\n<meta property=\"og:url\" content=\"https:\/\/suaescolaideal.com.br\/blog\/escolas\/2021\/02\/o-que-muda-nas-escolas-durante-o-pos-pandemia\/\" \/>\n<meta property=\"og:site_name\" content=\"Blog - Sua Escola Ideal\" \/>\n<meta property=\"article:publisher\" content=\"https:\/\/www.facebook.com\/suaescolaideal\/\" \/>\n<meta property=\"article:published_time\" content=\"2021-02-02T12:00:46+00:00\" \/>\n<meta property=\"article:modified_time\" content=\"2021-01-27T14:16:19+00:00\" \/>\n<meta property=\"og:image\" content=\"https:\/\/suaescolaideal.com.br\/blog\/wp-content\/uploads\/2021\/01\/O-que-muda-nas-escolas-durante-o-p\u00f3s-pandemia.jpg\" \/>\n\t<meta property=\"og:image:width\" content=\"904\" \/>\n\t<meta property=\"og:image:height\" content=\"450\" \/>\n<meta name=\"twitter:card\" content=\"summary_large_image\" \/>\n<script type=\"application\/ld+json\" class=\"yoast-schema-graph\">{\"@context\":\"https:\/\/schema.org\",\"@graph\":[{\"@type\":\"WebSite\",\"@id\":\"https:\/\/suaescolaideal.com.br\/blog\/#website\",\"url\":\"https:\/\/suaescolaideal.com.br\/blog\/\",\"name\":\"Sua Escola Ideal - Encontre a melhor escola para o seu filho\",\"description\":\"Conte\\u00fado sobre educa\\u00e7\\u00e3o\",\"potentialAction\":[{\"@type\":\"SearchAction\",\"target\":\"https:\/\/suaescolaideal.com.br\/blog\/?s={search_term_string}\",\"query-input\":\"required name=search_term_string\"}],\"inLanguage\":\"pt-BR\"},{\"@type\":\"ImageObject\",\"@id\":\"https:\/\/suaescolaideal.com.br\/blog\/escolas\/2021\/02\/o-que-muda-nas-escolas-durante-o-pos-pandemia\/#primaryimage\",\"inLanguage\":\"pt-BR\",\"url\":\"https:\/\/suaescolaideal.com.br\/blog\/wp-content\/uploads\/2021\/01\/O-que-muda-nas-escolas-durante-o-p\\u00f3s-pandemia.jpg\",\"width\":904,\"height\":450},{\"@type\":\"WebPage\",\"@id\":\"https:\/\/suaescolaideal.com.br\/blog\/escolas\/2021\/02\/o-que-muda-nas-escolas-durante-o-pos-pandemia\/#webpage\",\"url\":\"https:\/\/suaescolaideal.com.br\/blog\/escolas\/2021\/02\/o-que-muda-nas-escolas-durante-o-pos-pandemia\/\",\"name\":\"O que muda nas escolas durante o p\\u00f3s-pandemia - Blog - Sua Escola Ideal\",\"isPartOf\":{\"@id\":\"https:\/\/suaescolaideal.com.br\/blog\/#website\"},\"primaryImageOfPage\":{\"@id\":\"https:\/\/suaescolaideal.com.br\/blog\/escolas\/2021\/02\/o-que-muda-nas-escolas-durante-o-pos-pandemia\/#primaryimage\"},\"datePublished\":\"2021-02-02T12:00:46+00:00\",\"dateModified\":\"2021-01-27T14:16:19+00:00\",\"author\":{\"@id\":\"https:\/\/suaescolaideal.com.br\/blog\/#\/schema\/person\/66346b99bafe92fe8d241fd1ab881491\"},\"description\":\"Revezamento de turmas, distanciamento, todos de m\\u00e1scara, \\u00e1lcool gel em todos os locais da escola e nada de aglomera\\u00e7\\u00f5es: esse \\u00e9 o novo cen\\u00e1rio das escolas.\",\"inLanguage\":\"pt-BR\",\"potentialAction\":[{\"@type\":\"ReadAction\",\"target\":[\"https:\/\/suaescolaideal.com.br\/blog\/escolas\/2021\/02\/o-que-muda-nas-escolas-durante-o-pos-pandemia\/\"]}]},{\"@type\":[\"Person\"],\"@id\":\"https:\/\/suaescolaideal.com.br\/blog\/#\/schema\/person\/66346b99bafe92fe8d241fd1ab881491\",\"name\":\"Equipe SEI\",\"image\":{\"@type\":\"ImageObject\",\"@id\":\"https:\/\/suaescolaideal.com.br\/blog\/#personlogo\",\"inLanguage\":\"pt-BR\",\"url\":\"https:\/\/suaescolaideal.com.br\/blog\/wp-content\/uploads\/2020\/05\/S\\u00edmbolo.png\",\"caption\":\"Equipe SEI\"}}]}<\/script>\n<!-- \/ Yoast SEO Premium plugin. -->","_links":{"self":[{"href":"https:\/\/suaescolaideal.com.br\/blog\/wp-json\/wp\/v2\/posts\/6327"}],"collection":[{"href":"https:\/\/suaescolaideal.com.br\/blog\/wp-json\/wp\/v2\/posts"}],"about":[{"href":"https:\/\/suaescolaideal.com.br\/blog\/wp-json\/wp\/v2\/types\/post"}],"author":[{"embeddable":true,"href":"https:\/\/suaescolaideal.com.br\/blog\/wp-json\/wp\/v2\/users\/1"}],"replies":[{"embeddable":true,"href":"https:\/\/suaescolaideal.com.br\/blog\/wp-json\/wp\/v2\/comments?post=6327"}],"version-history":[{"count":1,"href":"https:\/\/suaescolaideal.com.br\/blog\/wp-json\/wp\/v2\/posts\/6327\/revisions"}],"predecessor-version":[{"id":6329,"href":"https:\/\/suaescolaideal.com.br\/blog\/wp-json\/wp\/v2\/posts\/6327\/revisions\/6329"}],"wp:featuredmedia":[{"embeddable":true,"href":"https:\/\/suaescolaideal.com.br\/blog\/wp-json\/wp\/v2\/media\/6328"}],"wp:attachment":[{"href":"https:\/\/suaescolaideal.com.br\/blog\/wp-json\/wp\/v2\/media?parent=6327"}],"wp:term":[{"taxonomy":"category","embeddable":true,"href":"https:\/\/suaescolaideal.com.br\/blog\/wp-json\/wp\/v2\/categories?post=6327"},{"taxonomy":"post_tag","embeddable":true,"href":"https:\/\/suaescolaideal.com.br\/blog\/wp-json\/wp\/v2\/tags?post=6327"},{"taxonomy":"yst_prominent_words","embeddable":true,"href":"https:\/\/suaescolaideal.com.br\/blog\/wp-json\/wp\/v2\/yst_prominent_words?post=6327"}],"curies":[{"name":"wp","href":"https:\/\/api.w.org\/{rel}","templated":true}]}}