{"id":6285,"date":"2020-12-21T12:00:28","date_gmt":"2020-12-21T15:00:28","guid":{"rendered":"https:\/\/suaescolaideal.com.br\/blog\/?p=6285"},"modified":"2020-12-17T14:14:01","modified_gmt":"2020-12-17T17:14:01","slug":"como-lidar-com-a-adaptacao-escolar","status":"publish","type":"post","link":"https:\/\/suaescolaideal.com.br\/blog\/familias\/2020\/12\/como-lidar-com-a-adaptacao-escolar\/","title":{"rendered":"Como lidar com a adapta\u00e7\u00e3o escolar?"},"content":{"rendered":"<p><img loading=\"lazy\" class=\"alignnone wp-image-6286 size-full\" src=\"https:\/\/suaescolaideal.com.br\/blog\/wp-content\/uploads\/2020\/12\/Como-lidar-com-a-adapta\u00e7\u00e3o-escolar-1.png\" alt=\"\" width=\"904\" height=\"450\" srcset=\"https:\/\/suaescolaideal.com.br\/blog\/wp-content\/uploads\/2020\/12\/Como-lidar-com-a-adapta\u00e7\u00e3o-escolar-1.png 904w, https:\/\/suaescolaideal.com.br\/blog\/wp-content\/uploads\/2020\/12\/Como-lidar-com-a-adapta\u00e7\u00e3o-escolar-1-300x149.png 300w, https:\/\/suaescolaideal.com.br\/blog\/wp-content\/uploads\/2020\/12\/Como-lidar-com-a-adapta\u00e7\u00e3o-escolar-1-768x382.png 768w, https:\/\/suaescolaideal.com.br\/blog\/wp-content\/uploads\/2020\/12\/Como-lidar-com-a-adapta\u00e7\u00e3o-escolar-1-670x335.png 670w\" sizes=\"(max-width: 904px) 100vw, 904px\" \/><\/p>\n<p><span style=\"font-weight: 400;\">Sabemos que a primeira vez indo \u00e0 escola ou a troca de institui\u00e7\u00e3o faz a crian\u00e7a ter de lidar com uma s\u00e9rie de emo\u00e7\u00f5es, como medo, insatisfa\u00e7\u00e3o e ansiedade. Por\u00e9m, \u00e9 poss\u00edvel deix\u00e1-la mais tranquila e preparada para a adapta\u00e7\u00e3o escolar com algumas atitudes. Confira abaixo como lidar com algumas situa\u00e7\u00f5es comuns deste per\u00edodo!<\/span><\/p>\n<p><b>Apoie a crian\u00e7a nos primeiros dias<\/b><\/p>\n<p><span style=\"font-weight: 400;\">Os pais podem ser pegos de surpresa com crises de choro dos filhos na porta da escola, e isso pode acontecer at\u00e9 com crian\u00e7as que pareciam animadas para seu primeiro dia de aula. Nesse momento, \u00e9 importante que se explique \u00e0 crian\u00e7a o porqu\u00ea de ela estar ali. Esse per\u00edodo de adapta\u00e7\u00e3o normalmente dura uma semana, ent\u00e3o \u00e9 interessante que o respons\u00e1vel acompanhe a crian\u00e7a at\u00e9 o ambiente escolar e, caso seja poss\u00edvel, permane\u00e7a com ela durante algum tempo, ajudando-a a se familiarizar com a escola.<\/span><\/p>\n<p><span style=\"font-weight: 400;\">\u00c9 fundamental destacar que a crian\u00e7a sente quando o familiar est\u00e1 inseguro e isso pode dificultar a sua adapta\u00e7\u00e3o. Por isso, \u00e9 importante que os pais se sintam confiantes com escola em que matriculou seus filhos. Assim, eles podem contar com a plataforma da <\/span><i><span style=\"font-weight: 400;\">Sua Escola Ideal<\/span><\/i><span style=\"font-weight: 400;\"> e encontrar a escola que melhor atenda \u00e0s suas necessidades.<\/span><\/p>\n<p><b>Incentive a intera\u00e7\u00e3o dos seus filhos com outras crian\u00e7as<\/b><\/p>\n<p><span style=\"font-weight: 400;\">Nesses primeiros dias, pode ser que a crian\u00e7a demonstre uma falta de interesse em ir \u00e0 escola. \u00c9 preciso incentiv\u00e1-la a frequentar outros ambientes do col\u00e9gio e promover sua participa\u00e7\u00e3o nos eventos que forem marcados.<\/span><\/p>\n<p><span style=\"font-weight: 400;\">Outro motivo que pode afastar o pequeno da vontade de comparecer \u00e0 escola \u00e9 o pouco costume em ter contato com outras crian\u00e7as. Para melhorar essa quest\u00e3o, busque frequentar parques e locais que concentrem meninas e meninos da mesma faixa et\u00e1ria dos seus filhos; isso ir\u00e1 ajud\u00e1-los a querer frequentar novos ambientes, inclusive a escola.<\/span><\/p>\n<p><b>Fa\u00e7a seus filhos se adaptarem \u00e0 nova rotina<\/b><\/p>\n<p><span style=\"font-weight: 400;\">Independentemente se \u00e9 a primeira vez que seus filhos ir\u00e3o para a escola ou se est\u00e3o apenas trocando de institui\u00e7\u00e3o de ensino, \u00e9 importante estabelecer e adapt\u00e1-los \u00e0 nova rotina. Ao come\u00e7ar a vida escolar, o dia a dia da crian\u00e7a muda completamente, necessitando de alguns ajustes nos hor\u00e1rios.<\/span><\/p>\n<p><span style=\"font-weight: 400;\">Lembre-se de que esse \u00e9 um grande passo para o desenvolvimento da crian\u00e7a; ofere\u00e7a apoio, converse com os profissionais da escola e principalmente com a crian\u00e7a. Deixe-a segura e confort\u00e1vel para se adaptar ao ambiente que come\u00e7ar\u00e1 a fazer parte de sua vida.<\/span><\/p>\n","protected":false},"excerpt":{"rendered":"<p>Sabemos que a primeira vez indo \u00e0 escola ou a troca de institui\u00e7\u00e3o faz a crian\u00e7a ter de lidar com uma s\u00e9rie de emo\u00e7\u00f5es, como&#8230;<\/p>\n","protected":false},"author":1,"featured_media":6286,"comment_status":"open","ping_status":"open","sticky":false,"template":"","format":"standard","meta":[],"categories":[222],"tags":[53,304,51,55,50,54,640],"yst_prominent_words":[268,265,563,539,275,295,318],"yoast_head":"<!-- This site is optimized with the Yoast SEO Premium plugin v14.5 - https:\/\/yoast.com\/wordpress\/plugins\/seo\/ -->\n<title>Como lidar com a adapta\u00e7\u00e3o escolar? - Blog - Sua Escola Ideal<\/title>\n<meta name=\"description\" content=\"Esse per\u00edodo de adapta\u00e7\u00e3o normalmente dura cerca de uma semana, ent\u00e3o \u00e9 importante que o respons\u00e1vel acompanhe a crian\u00e7a at\u00e9 o ambiente escolar.\" \/>\n<meta name=\"robots\" content=\"index, follow\" \/>\n<meta name=\"googlebot\" content=\"index, follow, max-snippet:-1, max-image-preview:large, max-video-preview:-1\" \/>\n<meta name=\"bingbot\" content=\"index, follow, max-snippet:-1, max-image-preview:large, max-video-preview:-1\" \/>\n<link rel=\"canonical\" href=\"https:\/\/suaescolaideal.com.br\/blog\/familias\/2020\/12\/como-lidar-com-a-adaptacao-escolar\/\" \/>\n<meta property=\"og:locale\" content=\"pt_BR\" \/>\n<meta property=\"og:type\" content=\"article\" \/>\n<meta property=\"og:title\" content=\"Como lidar com a adapta\u00e7\u00e3o escolar? - Blog - Sua Escola Ideal\" \/>\n<meta property=\"og:description\" content=\"Esse per\u00edodo de adapta\u00e7\u00e3o normalmente dura cerca de uma semana, ent\u00e3o \u00e9 importante que o respons\u00e1vel acompanhe a crian\u00e7a at\u00e9 o ambiente escolar.\" \/>\n<meta property=\"og:url\" content=\"https:\/\/suaescolaideal.com.br\/blog\/familias\/2020\/12\/como-lidar-com-a-adaptacao-escolar\/\" \/>\n<meta property=\"og:site_name\" content=\"Blog - Sua Escola Ideal\" \/>\n<meta property=\"article:publisher\" content=\"https:\/\/www.facebook.com\/suaescolaideal\/\" \/>\n<meta property=\"article:published_time\" content=\"2020-12-21T15:00:28+00:00\" \/>\n<meta property=\"article:modified_time\" content=\"2020-12-17T17:14:01+00:00\" \/>\n<meta property=\"og:image\" content=\"https:\/\/suaescolaideal.com.br\/blog\/wp-content\/uploads\/2020\/12\/Como-lidar-com-a-adapta\u00e7\u00e3o-escolar-1.png\" \/>\n\t<meta property=\"og:image:width\" content=\"904\" \/>\n\t<meta property=\"og:image:height\" content=\"450\" \/>\n<meta name=\"twitter:card\" content=\"summary_large_image\" \/>\n<script type=\"application\/ld+json\" class=\"yoast-schema-graph\">{\"@context\":\"https:\/\/schema.org\",\"@graph\":[{\"@type\":\"WebSite\",\"@id\":\"https:\/\/suaescolaideal.com.br\/blog\/#website\",\"url\":\"https:\/\/suaescolaideal.com.br\/blog\/\",\"name\":\"Sua Escola Ideal - Encontre a melhor escola para o seu filho\",\"description\":\"Conte\\u00fado sobre educa\\u00e7\\u00e3o\",\"potentialAction\":[{\"@type\":\"SearchAction\",\"target\":\"https:\/\/suaescolaideal.com.br\/blog\/?s={search_term_string}\",\"query-input\":\"required name=search_term_string\"}],\"inLanguage\":\"pt-BR\"},{\"@type\":\"ImageObject\",\"@id\":\"https:\/\/suaescolaideal.com.br\/blog\/familias\/2020\/12\/como-lidar-com-a-adaptacao-escolar\/#primaryimage\",\"inLanguage\":\"pt-BR\",\"url\":\"https:\/\/suaescolaideal.com.br\/blog\/wp-content\/uploads\/2020\/12\/Como-lidar-com-a-adapta\\u00e7\\u00e3o-escolar-1.png\",\"width\":904,\"height\":450},{\"@type\":\"WebPage\",\"@id\":\"https:\/\/suaescolaideal.com.br\/blog\/familias\/2020\/12\/como-lidar-com-a-adaptacao-escolar\/#webpage\",\"url\":\"https:\/\/suaescolaideal.com.br\/blog\/familias\/2020\/12\/como-lidar-com-a-adaptacao-escolar\/\",\"name\":\"Como lidar com a adapta\\u00e7\\u00e3o escolar? - Blog - Sua Escola Ideal\",\"isPartOf\":{\"@id\":\"https:\/\/suaescolaideal.com.br\/blog\/#website\"},\"primaryImageOfPage\":{\"@id\":\"https:\/\/suaescolaideal.com.br\/blog\/familias\/2020\/12\/como-lidar-com-a-adaptacao-escolar\/#primaryimage\"},\"datePublished\":\"2020-12-21T15:00:28+00:00\",\"dateModified\":\"2020-12-17T17:14:01+00:00\",\"author\":{\"@id\":\"https:\/\/suaescolaideal.com.br\/blog\/#\/schema\/person\/66346b99bafe92fe8d241fd1ab881491\"},\"description\":\"Esse per\\u00edodo de adapta\\u00e7\\u00e3o normalmente dura cerca de uma semana, ent\\u00e3o \\u00e9 importante que o respons\\u00e1vel acompanhe a crian\\u00e7a at\\u00e9 o ambiente escolar.\",\"inLanguage\":\"pt-BR\",\"potentialAction\":[{\"@type\":\"ReadAction\",\"target\":[\"https:\/\/suaescolaideal.com.br\/blog\/familias\/2020\/12\/como-lidar-com-a-adaptacao-escolar\/\"]}]},{\"@type\":[\"Person\"],\"@id\":\"https:\/\/suaescolaideal.com.br\/blog\/#\/schema\/person\/66346b99bafe92fe8d241fd1ab881491\",\"name\":\"Equipe SEI\",\"image\":{\"@type\":\"ImageObject\",\"@id\":\"https:\/\/suaescolaideal.com.br\/blog\/#personlogo\",\"inLanguage\":\"pt-BR\",\"url\":\"https:\/\/suaescolaideal.com.br\/blog\/wp-content\/uploads\/2020\/05\/S\\u00edmbolo.png\",\"caption\":\"Equipe SEI\"}}]}<\/script>\n<!-- \/ Yoast SEO Premium plugin. -->","_links":{"self":[{"href":"https:\/\/suaescolaideal.com.br\/blog\/wp-json\/wp\/v2\/posts\/6285"}],"collection":[{"href":"https:\/\/suaescolaideal.com.br\/blog\/wp-json\/wp\/v2\/posts"}],"about":[{"href":"https:\/\/suaescolaideal.com.br\/blog\/wp-json\/wp\/v2\/types\/post"}],"author":[{"embeddable":true,"href":"https:\/\/suaescolaideal.com.br\/blog\/wp-json\/wp\/v2\/users\/1"}],"replies":[{"embeddable":true,"href":"https:\/\/suaescolaideal.com.br\/blog\/wp-json\/wp\/v2\/comments?post=6285"}],"version-history":[{"count":3,"href":"https:\/\/suaescolaideal.com.br\/blog\/wp-json\/wp\/v2\/posts\/6285\/revisions"}],"predecessor-version":[{"id":6294,"href":"https:\/\/suaescolaideal.com.br\/blog\/wp-json\/wp\/v2\/posts\/6285\/revisions\/6294"}],"wp:featuredmedia":[{"embeddable":true,"href":"https:\/\/suaescolaideal.com.br\/blog\/wp-json\/wp\/v2\/media\/6286"}],"wp:attachment":[{"href":"https:\/\/suaescolaideal.com.br\/blog\/wp-json\/wp\/v2\/media?parent=6285"}],"wp:term":[{"taxonomy":"category","embeddable":true,"href":"https:\/\/suaescolaideal.com.br\/blog\/wp-json\/wp\/v2\/categories?post=6285"},{"taxonomy":"post_tag","embeddable":true,"href":"https:\/\/suaescolaideal.com.br\/blog\/wp-json\/wp\/v2\/tags?post=6285"},{"taxonomy":"yst_prominent_words","embeddable":true,"href":"https:\/\/suaescolaideal.com.br\/blog\/wp-json\/wp\/v2\/yst_prominent_words?post=6285"}],"curies":[{"name":"wp","href":"https:\/\/api.w.org\/{rel}","templated":true}]}}