{"id":6273,"date":"2020-12-18T12:00:01","date_gmt":"2020-12-18T15:00:01","guid":{"rendered":"https:\/\/suaescolaideal.com.br\/blog\/?p=6273"},"modified":"2020-12-17T14:00:07","modified_gmt":"2020-12-17T17:00:07","slug":"a-partir-de-quando-e-como-eu-devo-incentivar-a-leitura","status":"publish","type":"post","link":"https:\/\/suaescolaideal.com.br\/blog\/familias\/2020\/12\/a-partir-de-quando-e-como-eu-devo-incentivar-a-leitura\/","title":{"rendered":"A partir de quando e como eu devo incentivar a leitura?"},"content":{"rendered":"<p><img loading=\"lazy\" class=\"alignnone wp-image-6275 size-full\" src=\"https:\/\/suaescolaideal.com.br\/blog\/wp-content\/uploads\/2020\/12\/A-partir-de-quando-e-como-eu-devo-incentivar-a-leitura-aos-meus-filhos.png\" alt=\"\" width=\"904\" height=\"450\" srcset=\"https:\/\/suaescolaideal.com.br\/blog\/wp-content\/uploads\/2020\/12\/A-partir-de-quando-e-como-eu-devo-incentivar-a-leitura-aos-meus-filhos.png 904w, https:\/\/suaescolaideal.com.br\/blog\/wp-content\/uploads\/2020\/12\/A-partir-de-quando-e-como-eu-devo-incentivar-a-leitura-aos-meus-filhos-300x149.png 300w, https:\/\/suaescolaideal.com.br\/blog\/wp-content\/uploads\/2020\/12\/A-partir-de-quando-e-como-eu-devo-incentivar-a-leitura-aos-meus-filhos-768x382.png 768w, https:\/\/suaescolaideal.com.br\/blog\/wp-content\/uploads\/2020\/12\/A-partir-de-quando-e-como-eu-devo-incentivar-a-leitura-aos-meus-filhos-670x335.png 670w\" sizes=\"(max-width: 904px) 100vw, 904px\" \/><\/p>\n<p><span style=\"font-weight: 400;\">Uma das dificuldades atuais dos pais e educadores \u00e9 saber como incentivar a leitura desde a inf\u00e2ncia e torn\u00e1-la um h\u00e1bito saud\u00e1vel e prazeroso para as crian\u00e7as.\u00a0<\/span><\/p>\n<p><span style=\"font-weight: 400;\">Estimular esse costume desde cedo n\u00e3o \u00e9 uma tarefa simples, ainda mais em meio ao mundo tecnol\u00f3gico em que vivemos. Em um cen\u00e1rio como esse, a <\/span><i><span style=\"font-weight: 400;\">Sua Escola Ideal<\/span><\/i><span style=\"font-weight: 400;\"> trouxe algumas dicas para voc\u00ea incentivar as crian\u00e7as a ler!<\/span><\/p>\n<p><b>Incorpore a leitura<\/b><\/p>\n<p><span style=\"font-weight: 400;\">Explore oportunidades l\u00fadicas para incorporar a leitura na rotina da crian\u00e7a e d\u00ea o exemplo. Quanto mais adiado o h\u00e1bito de leitura for, menos eficientes ser\u00e3o os benef\u00edcios incorporados. Nunca \u00e9 cedo demais para incentivar a imagina\u00e7\u00e3o das crian\u00e7as.<\/span><\/p>\n<p><b>Introduza a leitura gradativamente<\/b><\/p>\n<p><span style=\"font-weight: 400;\">\u00c9 poss\u00edvel come\u00e7ar a contar hist\u00f3rias introduzindo acontecimentos de quando as crian\u00e7as ainda eram beb\u00eas, dando os primeiros sinais de comunica\u00e7\u00e3o. Gradativamente, v\u00e1 aumentando a intensidade das emo\u00e7\u00f5es e o tamanho das narrativas; assim, o h\u00e1bito se tornar\u00e1 algo natural. N\u00e3o empurre ou force a leitura, pois essas atitudes podem gerar efeito contr\u00e1rio. Deixe os livros em locais estrat\u00e9gicos em que a crian\u00e7a poder\u00e1 ter acesso quando quiser.<\/span><\/p>\n<p><b>Pense na faixa et\u00e1ria dos seus filhos<\/b><\/p>\n<p><span style=\"font-weight: 400;\">Apresente livros que est\u00e3o de acordo com a faixa et\u00e1ria das crian\u00e7as, com hist\u00f3rias que eles v\u00e3o compreender sem dificuldades. Fa\u00e7a com que seus filhos explorem os livros, as p\u00e1ginas e vivam esse momento de descobertas.<\/span><\/p>\n<p><b>Incentive a leitura em outros locais<\/b><\/p>\n<p><span style=\"font-weight: 400;\">Procure levar os seus filhos em visitas \u00e0 bibliotecas, incentive a crian\u00e7a a ler placas, sinaliza\u00e7\u00f5es e outdoors, isso ir\u00e1 contribuir com a compreens\u00e3o dele do mundo a sua volta.<\/span><\/p>\n<p><span style=\"font-weight: 400;\">Gostou dessas dicas? Confira mais mat\u00e9rias no <\/span><i><span style=\"font-weight: 400;\">blog<\/span><\/i><span style=\"font-weight: 400;\"> da <\/span><i><span style=\"font-weight: 400;\">Sua Escola Ideal<\/span><\/i><span style=\"font-weight: 400;\">.<\/span><\/p>\n","protected":false},"excerpt":{"rendered":"<p>Uma das dificuldades atuais dos pais e educadores \u00e9 saber como incentivar a leitura desde a inf\u00e2ncia e torn\u00e1-la um h\u00e1bito saud\u00e1vel e prazeroso para&#8230;<\/p>\n","protected":false},"author":1,"featured_media":6275,"comment_status":"open","ping_status":"open","sticky":false,"template":"","format":"standard","meta":[],"categories":[222],"tags":[53,304,51,55,50,54,640],"yst_prominent_words":[],"yoast_head":"<!-- This site is optimized with the Yoast SEO Premium plugin v14.5 - https:\/\/yoast.com\/wordpress\/plugins\/seo\/ -->\n<title>A partir de quando e como eu devo incentivar a leitura? - Blog - Sua Escola Ideal<\/title>\n<meta name=\"description\" content=\"Apresente livros de acordo com a faixa et\u00e1ria das crian\u00e7as, com hist\u00f3rias adequadas e que elas v\u00e3o compreender sem dificuldades.\" \/>\n<meta name=\"robots\" content=\"index, follow\" \/>\n<meta name=\"googlebot\" content=\"index, follow, max-snippet:-1, max-image-preview:large, max-video-preview:-1\" \/>\n<meta name=\"bingbot\" content=\"index, follow, max-snippet:-1, max-image-preview:large, max-video-preview:-1\" \/>\n<link rel=\"canonical\" href=\"https:\/\/suaescolaideal.com.br\/blog\/familias\/2020\/12\/a-partir-de-quando-e-como-eu-devo-incentivar-a-leitura\/\" \/>\n<meta property=\"og:locale\" content=\"pt_BR\" \/>\n<meta property=\"og:type\" content=\"article\" \/>\n<meta property=\"og:title\" content=\"A partir de quando e como eu devo incentivar a leitura? - Blog - Sua Escola Ideal\" \/>\n<meta property=\"og:description\" content=\"Apresente livros de acordo com a faixa et\u00e1ria das crian\u00e7as, com hist\u00f3rias adequadas e que elas v\u00e3o compreender sem dificuldades.\" \/>\n<meta property=\"og:url\" content=\"https:\/\/suaescolaideal.com.br\/blog\/familias\/2020\/12\/a-partir-de-quando-e-como-eu-devo-incentivar-a-leitura\/\" \/>\n<meta property=\"og:site_name\" content=\"Blog - Sua Escola Ideal\" \/>\n<meta property=\"article:publisher\" content=\"https:\/\/www.facebook.com\/suaescolaideal\/\" \/>\n<meta property=\"article:published_time\" content=\"2020-12-18T15:00:01+00:00\" \/>\n<meta property=\"article:modified_time\" content=\"2020-12-17T17:00:07+00:00\" \/>\n<meta property=\"og:image\" content=\"https:\/\/suaescolaideal.com.br\/blog\/wp-content\/uploads\/2020\/12\/A-partir-de-quando-e-como-eu-devo-incentivar-a-leitura-aos-meus-filhos.png\" \/>\n\t<meta property=\"og:image:width\" content=\"904\" \/>\n\t<meta property=\"og:image:height\" content=\"450\" \/>\n<meta name=\"twitter:card\" content=\"summary_large_image\" \/>\n<script type=\"application\/ld+json\" class=\"yoast-schema-graph\">{\"@context\":\"https:\/\/schema.org\",\"@graph\":[{\"@type\":\"WebSite\",\"@id\":\"https:\/\/suaescolaideal.com.br\/blog\/#website\",\"url\":\"https:\/\/suaescolaideal.com.br\/blog\/\",\"name\":\"Sua Escola Ideal - Encontre a melhor escola para o seu filho\",\"description\":\"Conte\\u00fado sobre educa\\u00e7\\u00e3o\",\"potentialAction\":[{\"@type\":\"SearchAction\",\"target\":\"https:\/\/suaescolaideal.com.br\/blog\/?s={search_term_string}\",\"query-input\":\"required name=search_term_string\"}],\"inLanguage\":\"pt-BR\"},{\"@type\":\"ImageObject\",\"@id\":\"https:\/\/suaescolaideal.com.br\/blog\/familias\/2020\/12\/a-partir-de-quando-e-como-eu-devo-incentivar-a-leitura\/#primaryimage\",\"inLanguage\":\"pt-BR\",\"url\":\"https:\/\/suaescolaideal.com.br\/blog\/wp-content\/uploads\/2020\/12\/A-partir-de-quando-e-como-eu-devo-incentivar-a-leitura-aos-meus-filhos.png\",\"width\":904,\"height\":450},{\"@type\":\"WebPage\",\"@id\":\"https:\/\/suaescolaideal.com.br\/blog\/familias\/2020\/12\/a-partir-de-quando-e-como-eu-devo-incentivar-a-leitura\/#webpage\",\"url\":\"https:\/\/suaescolaideal.com.br\/blog\/familias\/2020\/12\/a-partir-de-quando-e-como-eu-devo-incentivar-a-leitura\/\",\"name\":\"A partir de quando e como eu devo incentivar a leitura? - Blog - Sua Escola Ideal\",\"isPartOf\":{\"@id\":\"https:\/\/suaescolaideal.com.br\/blog\/#website\"},\"primaryImageOfPage\":{\"@id\":\"https:\/\/suaescolaideal.com.br\/blog\/familias\/2020\/12\/a-partir-de-quando-e-como-eu-devo-incentivar-a-leitura\/#primaryimage\"},\"datePublished\":\"2020-12-18T15:00:01+00:00\",\"dateModified\":\"2020-12-17T17:00:07+00:00\",\"author\":{\"@id\":\"https:\/\/suaescolaideal.com.br\/blog\/#\/schema\/person\/66346b99bafe92fe8d241fd1ab881491\"},\"description\":\"Apresente livros de acordo com a faixa et\\u00e1ria das crian\\u00e7as, com hist\\u00f3rias adequadas e que elas v\\u00e3o compreender sem dificuldades.\",\"inLanguage\":\"pt-BR\",\"potentialAction\":[{\"@type\":\"ReadAction\",\"target\":[\"https:\/\/suaescolaideal.com.br\/blog\/familias\/2020\/12\/a-partir-de-quando-e-como-eu-devo-incentivar-a-leitura\/\"]}]},{\"@type\":[\"Person\"],\"@id\":\"https:\/\/suaescolaideal.com.br\/blog\/#\/schema\/person\/66346b99bafe92fe8d241fd1ab881491\",\"name\":\"Equipe SEI\",\"image\":{\"@type\":\"ImageObject\",\"@id\":\"https:\/\/suaescolaideal.com.br\/blog\/#personlogo\",\"inLanguage\":\"pt-BR\",\"url\":\"https:\/\/suaescolaideal.com.br\/blog\/wp-content\/uploads\/2020\/05\/S\\u00edmbolo.png\",\"caption\":\"Equipe SEI\"}}]}<\/script>\n<!-- \/ Yoast SEO Premium plugin. -->","_links":{"self":[{"href":"https:\/\/suaescolaideal.com.br\/blog\/wp-json\/wp\/v2\/posts\/6273"}],"collection":[{"href":"https:\/\/suaescolaideal.com.br\/blog\/wp-json\/wp\/v2\/posts"}],"about":[{"href":"https:\/\/suaescolaideal.com.br\/blog\/wp-json\/wp\/v2\/types\/post"}],"author":[{"embeddable":true,"href":"https:\/\/suaescolaideal.com.br\/blog\/wp-json\/wp\/v2\/users\/1"}],"replies":[{"embeddable":true,"href":"https:\/\/suaescolaideal.com.br\/blog\/wp-json\/wp\/v2\/comments?post=6273"}],"version-history":[{"count":4,"href":"https:\/\/suaescolaideal.com.br\/blog\/wp-json\/wp\/v2\/posts\/6273\/revisions"}],"predecessor-version":[{"id":6292,"href":"https:\/\/suaescolaideal.com.br\/blog\/wp-json\/wp\/v2\/posts\/6273\/revisions\/6292"}],"wp:featuredmedia":[{"embeddable":true,"href":"https:\/\/suaescolaideal.com.br\/blog\/wp-json\/wp\/v2\/media\/6275"}],"wp:attachment":[{"href":"https:\/\/suaescolaideal.com.br\/blog\/wp-json\/wp\/v2\/media?parent=6273"}],"wp:term":[{"taxonomy":"category","embeddable":true,"href":"https:\/\/suaescolaideal.com.br\/blog\/wp-json\/wp\/v2\/categories?post=6273"},{"taxonomy":"post_tag","embeddable":true,"href":"https:\/\/suaescolaideal.com.br\/blog\/wp-json\/wp\/v2\/tags?post=6273"},{"taxonomy":"yst_prominent_words","embeddable":true,"href":"https:\/\/suaescolaideal.com.br\/blog\/wp-json\/wp\/v2\/yst_prominent_words?post=6273"}],"curies":[{"name":"wp","href":"https:\/\/api.w.org\/{rel}","templated":true}]}}