{"id":6184,"date":"2020-10-21T17:59:37","date_gmt":"2020-10-21T20:59:37","guid":{"rendered":"https:\/\/suaescolaideal.com.br\/blog\/?p=6184"},"modified":"2020-10-21T17:59:37","modified_gmt":"2020-10-21T20:59:37","slug":"mal-ou-mau-quando-escrever-cada-palavra","status":"publish","type":"post","link":"https:\/\/suaescolaideal.com.br\/blog\/estudantes\/como-escrever\/2020\/10\/mal-ou-mau-quando-escrever-cada-palavra\/","title":{"rendered":"\u201cMal\u201d ou \u201cMau\u201d: quando escrever cada palavra?"},"content":{"rendered":"<p><img loading=\"lazy\" class=\"alignnone wp-image-6186 size-full\" src=\"https:\/\/suaescolaideal.com.br\/blog\/wp-content\/uploads\/2020\/10\/ImagemCriancaEstudando.jpeg\" alt=\"\" width=\"904\" height=\"450\" srcset=\"https:\/\/suaescolaideal.com.br\/blog\/wp-content\/uploads\/2020\/10\/ImagemCriancaEstudando.jpeg 904w, https:\/\/suaescolaideal.com.br\/blog\/wp-content\/uploads\/2020\/10\/ImagemCriancaEstudando-300x149.jpeg 300w, https:\/\/suaescolaideal.com.br\/blog\/wp-content\/uploads\/2020\/10\/ImagemCriancaEstudando-768x382.jpeg 768w, https:\/\/suaescolaideal.com.br\/blog\/wp-content\/uploads\/2020\/10\/ImagemCriancaEstudando-670x335.jpeg 670w\" sizes=\"(max-width: 904px) 100vw, 904px\" \/><\/p>\n<p><span style=\"font-weight: 400;\">Na hora de escrever, muitas vezes ficamos com alguma d\u00favida. E quando as palavras s\u00e3o bem parecidas na grafia, a confus\u00e3o aumenta ainda mais. Afinal, quando usar \u201cmal\u201d ou \u201cmau\u201d?\u00a0<\/span><\/p>\n<p><span style=\"font-weight: 400;\">As duas palavras est\u00e3o corretas, mas a mudan\u00e7a da \u00faltima letra altera os significados.\u00a0<\/span><\/p>\n<p><span style=\"font-weight: 400;\">Se voc\u00ea n\u00e3o sabe bem quando usar cada uma, a principal dica \u00e9 troc\u00e1-las pela sua oposi\u00e7\u00e3o. Com essa regrinha, dificilmente voc\u00ea vai errar!\u00a0<\/span><\/p>\n<ul>\n<li style=\"font-weight: 400;\"><span style=\"font-weight: 400;\">\u201cMal\u201d \u00e9 o contr\u00e1rio de \u201cbem\u201d;\u00a0<\/span><\/li>\n<li style=\"font-weight: 400;\"><span style=\"font-weight: 400;\">\u201cMau\u201d \u00e9 o contr\u00e1rio de \u201cbom\u201d.\u00a0<\/span><\/li>\n<\/ul>\n<p><span style=\"font-weight: 400;\">Essa dica \u00e9 importante pois, com ela, voc\u00ea tamb\u00e9m consegue tirar sua d\u00favida sobre quando usar \u201cbem\u201d ou \u201cbom\u201d: \u00e9 s\u00f3 substituir pelo seu ant\u00f4nimo.\u00a0<\/span><\/p>\n<p><b>Vamos aos exemplos de \u201cMal\u201d:\u00a0<\/b><\/p>\n<ul>\n<li style=\"font-weight: 400;\"><span style=\"font-weight: 400;\">Aquela comida me fez mal (contr\u00e1rio: \u201cme fez bem\u201d)\u00a0<\/span><\/li>\n<li style=\"font-weight: 400;\"><span style=\"font-weight: 400;\">As crian\u00e7as brigaram, e a menina ficou de mal com a amiga (contr\u00e1rio: \u201cficou de bem\u201d)\u00a0<\/span><\/li>\n<li style=\"font-weight: 400;\"><span style=\"font-weight: 400;\">Estou me sentindo mal (contr\u00e1rio: \u201csentindo bem\u201d)\u00a0<\/span><\/li>\n<li style=\"font-weight: 400;\"><span style=\"font-weight: 400;\">Eu tenho dormido mal (contr\u00e1rio: \u201cdormido bem\u201d)\u00a0<\/span><\/li>\n<\/ul>\n<p><b>Exemplos de \u201cMau\u201d:\u00a0<\/b><\/p>\n<ul>\n<li style=\"font-weight: 400;\"><span style=\"font-weight: 400;\">Ele est\u00e1 de mau humor (contr\u00e1rio: \u201cbom humor\u201d)\u00a0<\/span><\/li>\n<li style=\"font-weight: 400;\"><span style=\"font-weight: 400;\">Aquele homem \u00e9 mau (contr\u00e1rio: \u201c\u00e9 bom\u201d)\u00a0<\/span><\/li>\n<li style=\"font-weight: 400;\"><span style=\"font-weight: 400;\">Hoje vai fazer mau tempo (contr\u00e1rio: \u201cbom tempo\u201d)\u00a0<\/span><\/li>\n<li style=\"font-weight: 400;\"><span style=\"font-weight: 400;\">O pai deu mau exemplo ao filho (contr\u00e1rio: \u201cbom exemplo\u201d)\u00a0<\/span><\/li>\n<\/ul>\n<h2><span style=\"font-weight: 400;\">\u201c<\/span><b>Mal\u201d: adv\u00e9rbio, substantivo ou conjun\u00e7\u00e3o\u00a0<\/b><\/h2>\n<p><span style=\"font-weight: 400;\">A palavra \u201cmal\u201d pode ser usada como adv\u00e9rbio, substantivo e at\u00e9 conjun\u00e7\u00e3o. Como <\/span><b>adv\u00e9rbio<\/b><span style=\"font-weight: 400;\">, sempre no singular, temos os seguintes exemplos:\u00a0<\/span><\/p>\n<ul>\n<li style=\"font-weight: 400;\"><span style=\"font-weight: 400;\">Ela falou mal de mim.\u00a0<\/span><\/li>\n<li style=\"font-weight: 400;\"><span style=\"font-weight: 400;\">Fumar faz mal \u00e0 sa\u00fade.\u00a0<\/span><\/li>\n<\/ul>\n<p><span style=\"font-weight: 400;\">J\u00e1 na forma de <\/span><b>substantivo<\/b><span style=\"font-weight: 400;\">, a palavra pode ser usada tamb\u00e9m no plural: \u201cmales\u201d.\u00a0<\/span><\/p>\n<ul>\n<li style=\"font-weight: 400;\"><span style=\"font-weight: 400;\">Os males do mundo.\u00a0<\/span><\/li>\n<li style=\"font-weight: 400;\"><span style=\"font-weight: 400;\">Os males que o cigarro causa ao organismo.\u00a0<\/span><\/li>\n<\/ul>\n<p><span style=\"font-weight: 400;\">No singular, temos os seguintes exemplos:\u00a0<\/span><\/p>\n<ul>\n<li style=\"font-weight: 400;\"><span style=\"font-weight: 400;\">O cigarro me causou um grande mal.\u00a0<\/span><\/li>\n<li style=\"font-weight: 400;\"><span style=\"font-weight: 400;\">A catapora \u00e9 um mal que atinge as crian\u00e7as.\u00a0<\/span><\/li>\n<\/ul>\n<p><span style=\"font-weight: 400;\">Como <\/span><b>conjun\u00e7\u00e3o<\/b><span style=\"font-weight: 400;\">, a palavra \u201cmal\u201d tem o significado de \u201cassim que\u201d ou \u201clogo que\u201d e deve ser utilizada dessa maneira:\u00a0<\/span><\/p>\n<ul>\n<li style=\"font-weight: 400;\"><span style=\"font-weight: 400;\">Mal chegou, j\u00e1 foi embora.\u00a0<\/span><\/li>\n<li style=\"font-weight: 400;\"><span style=\"font-weight: 400;\">Mal tocaram a campainha, j\u00e1 foi correndo atender.\u00a0<\/span><\/li>\n<li style=\"font-weight: 400;\"><span style=\"font-weight: 400;\">Mal entrou em campo, j\u00e1 fez um gol.\u00a0<\/span><\/li>\n<\/ul>\n<h2><span style=\"font-weight: 400;\">\u201c<\/span><b>Mau\u201d: adjetivo\u00a0<\/b><\/h2>\n<p><span style=\"font-weight: 400;\">Como adjetivo, a palavra \u201cmau\u201d pode significar algo que n\u00e3o \u00e9 de qualidade, que n\u00e3o tem compet\u00eancia, que faz maldades ou que \u00e9 impr\u00f3prio, por exemplo. Tem como principais sin\u00f4nimos \u201cruim\u201d ou \u201cmalvado\u201d.\u00a0<\/span><\/p>\n<ul>\n<li style=\"font-weight: 400;\"><span style=\"font-weight: 400;\">Ele foi mau comigo.\u00a0<\/span><\/li>\n<li style=\"font-weight: 400;\"><span style=\"font-weight: 400;\">Ele \u00e9 mau professor.\u00a0<\/span><\/li>\n<li style=\"font-weight: 400;\"><span style=\"font-weight: 400;\">Estou com maus pensamentos sobre ele.\u00a0<\/span><\/li>\n<\/ul>\n<p><span style=\"font-weight: 400;\">Quer ter mais dicas de \u2018como escrever\u2019 corretamente? Entre no<\/span><a href=\"https:\/\/suaescolaideal.com.br\/blog\/\"><i><span style=\"font-weight: 400;\"> blog <\/span><\/i><\/a><span style=\"font-weight: 400;\">da <\/span><b>Sua Escola Ideal <\/b><span style=\"font-weight: 400;\">e<\/span> <span style=\"font-weight: 400;\">confira nosso conte\u00fado.<\/span><span style=\"font-weight: 400;\">\u00a0<\/span><\/p>\n","protected":false},"excerpt":{"rendered":"<p>Na hora de escrever, muitas vezes ficamos com alguma d\u00favida. E quando as palavras s\u00e3o bem parecidas na grafia, a confus\u00e3o aumenta ainda mais. Afinal,&#8230;<\/p>\n","protected":false},"author":1,"featured_media":6186,"comment_status":"open","ping_status":"open","sticky":false,"template":"","format":"standard","meta":[],"categories":[49],"tags":[53,52,51,55,50,54,102,122,78,151],"yst_prominent_words":[260,258,265,201,70,69,196,66,67,65,254],"yoast_head":"<!-- This site is optimized with the Yoast SEO Premium plugin v14.5 - https:\/\/yoast.com\/wordpress\/plugins\/seo\/ -->\n<title>\u201cMal\u201d ou \u201cMau\u201d: quando escrever cada palavra? - Blog - Sua Escola Ideal<\/title>\n<meta name=\"description\" content=\"Na hora de escrever, muitas vezes ficamos com alguma d\u00favida. E quando as palavras s\u00e3o bem parecidas na grafia, a confus\u00e3o aumenta ainda mais.\" \/>\n<meta name=\"robots\" content=\"index, follow\" \/>\n<meta name=\"googlebot\" content=\"index, follow, max-snippet:-1, max-image-preview:large, max-video-preview:-1\" \/>\n<meta name=\"bingbot\" content=\"index, follow, max-snippet:-1, max-image-preview:large, max-video-preview:-1\" \/>\n<link rel=\"canonical\" href=\"https:\/\/suaescolaideal.com.br\/blog\/estudantes\/como-escrever\/2020\/10\/mal-ou-mau-quando-escrever-cada-palavra\/\" \/>\n<meta property=\"og:locale\" content=\"pt_BR\" \/>\n<meta property=\"og:type\" content=\"article\" \/>\n<meta property=\"og:title\" content=\"\u201cMal\u201d ou \u201cMau\u201d: quando escrever cada palavra? - Blog - Sua Escola Ideal\" \/>\n<meta property=\"og:description\" content=\"Na hora de escrever, muitas vezes ficamos com alguma d\u00favida. E quando as palavras s\u00e3o bem parecidas na grafia, a confus\u00e3o aumenta ainda mais.\" \/>\n<meta property=\"og:url\" content=\"https:\/\/suaescolaideal.com.br\/blog\/estudantes\/como-escrever\/2020\/10\/mal-ou-mau-quando-escrever-cada-palavra\/\" \/>\n<meta property=\"og:site_name\" content=\"Blog - Sua Escola Ideal\" \/>\n<meta property=\"article:publisher\" content=\"https:\/\/www.facebook.com\/suaescolaideal\/\" \/>\n<meta property=\"article:published_time\" content=\"2020-10-21T20:59:37+00:00\" \/>\n<meta property=\"og:image\" content=\"https:\/\/suaescolaideal.com.br\/blog\/wp-content\/uploads\/2020\/10\/ImagemCriancaEstudando.jpeg\" \/>\n\t<meta property=\"og:image:width\" content=\"904\" \/>\n\t<meta property=\"og:image:height\" content=\"450\" \/>\n<meta name=\"twitter:card\" content=\"summary_large_image\" \/>\n<script type=\"application\/ld+json\" class=\"yoast-schema-graph\">{\"@context\":\"https:\/\/schema.org\",\"@graph\":[{\"@type\":\"WebSite\",\"@id\":\"https:\/\/suaescolaideal.com.br\/blog\/#website\",\"url\":\"https:\/\/suaescolaideal.com.br\/blog\/\",\"name\":\"Sua Escola Ideal - Encontre a melhor escola para o seu filho\",\"description\":\"Conte\\u00fado sobre educa\\u00e7\\u00e3o\",\"potentialAction\":[{\"@type\":\"SearchAction\",\"target\":\"https:\/\/suaescolaideal.com.br\/blog\/?s={search_term_string}\",\"query-input\":\"required name=search_term_string\"}],\"inLanguage\":\"pt-BR\"},{\"@type\":\"ImageObject\",\"@id\":\"https:\/\/suaescolaideal.com.br\/blog\/estudantes\/como-escrever\/2020\/10\/mal-ou-mau-quando-escrever-cada-palavra\/#primaryimage\",\"inLanguage\":\"pt-BR\",\"url\":\"https:\/\/suaescolaideal.com.br\/blog\/wp-content\/uploads\/2020\/10\/ImagemCriancaEstudando.jpeg\",\"width\":904,\"height\":450},{\"@type\":\"WebPage\",\"@id\":\"https:\/\/suaescolaideal.com.br\/blog\/estudantes\/como-escrever\/2020\/10\/mal-ou-mau-quando-escrever-cada-palavra\/#webpage\",\"url\":\"https:\/\/suaescolaideal.com.br\/blog\/estudantes\/como-escrever\/2020\/10\/mal-ou-mau-quando-escrever-cada-palavra\/\",\"name\":\"\\u201cMal\\u201d ou \\u201cMau\\u201d: quando escrever cada palavra? - Blog - Sua Escola Ideal\",\"isPartOf\":{\"@id\":\"https:\/\/suaescolaideal.com.br\/blog\/#website\"},\"primaryImageOfPage\":{\"@id\":\"https:\/\/suaescolaideal.com.br\/blog\/estudantes\/como-escrever\/2020\/10\/mal-ou-mau-quando-escrever-cada-palavra\/#primaryimage\"},\"datePublished\":\"2020-10-21T20:59:37+00:00\",\"dateModified\":\"2020-10-21T20:59:37+00:00\",\"author\":{\"@id\":\"https:\/\/suaescolaideal.com.br\/blog\/#\/schema\/person\/66346b99bafe92fe8d241fd1ab881491\"},\"description\":\"Na hora de escrever, muitas vezes ficamos com alguma d\\u00favida. E quando as palavras s\\u00e3o bem parecidas na grafia, a confus\\u00e3o aumenta ainda mais.\",\"inLanguage\":\"pt-BR\",\"potentialAction\":[{\"@type\":\"ReadAction\",\"target\":[\"https:\/\/suaescolaideal.com.br\/blog\/estudantes\/como-escrever\/2020\/10\/mal-ou-mau-quando-escrever-cada-palavra\/\"]}]},{\"@type\":[\"Person\"],\"@id\":\"https:\/\/suaescolaideal.com.br\/blog\/#\/schema\/person\/66346b99bafe92fe8d241fd1ab881491\",\"name\":\"Equipe SEI\",\"image\":{\"@type\":\"ImageObject\",\"@id\":\"https:\/\/suaescolaideal.com.br\/blog\/#personlogo\",\"inLanguage\":\"pt-BR\",\"url\":\"https:\/\/suaescolaideal.com.br\/blog\/wp-content\/uploads\/2020\/05\/S\\u00edmbolo.png\",\"caption\":\"Equipe SEI\"}}]}<\/script>\n<!-- \/ Yoast SEO Premium plugin. -->","_links":{"self":[{"href":"https:\/\/suaescolaideal.com.br\/blog\/wp-json\/wp\/v2\/posts\/6184"}],"collection":[{"href":"https:\/\/suaescolaideal.com.br\/blog\/wp-json\/wp\/v2\/posts"}],"about":[{"href":"https:\/\/suaescolaideal.com.br\/blog\/wp-json\/wp\/v2\/types\/post"}],"author":[{"embeddable":true,"href":"https:\/\/suaescolaideal.com.br\/blog\/wp-json\/wp\/v2\/users\/1"}],"replies":[{"embeddable":true,"href":"https:\/\/suaescolaideal.com.br\/blog\/wp-json\/wp\/v2\/comments?post=6184"}],"version-history":[{"count":1,"href":"https:\/\/suaescolaideal.com.br\/blog\/wp-json\/wp\/v2\/posts\/6184\/revisions"}],"predecessor-version":[{"id":6187,"href":"https:\/\/suaescolaideal.com.br\/blog\/wp-json\/wp\/v2\/posts\/6184\/revisions\/6187"}],"wp:featuredmedia":[{"embeddable":true,"href":"https:\/\/suaescolaideal.com.br\/blog\/wp-json\/wp\/v2\/media\/6186"}],"wp:attachment":[{"href":"https:\/\/suaescolaideal.com.br\/blog\/wp-json\/wp\/v2\/media?parent=6184"}],"wp:term":[{"taxonomy":"category","embeddable":true,"href":"https:\/\/suaescolaideal.com.br\/blog\/wp-json\/wp\/v2\/categories?post=6184"},{"taxonomy":"post_tag","embeddable":true,"href":"https:\/\/suaescolaideal.com.br\/blog\/wp-json\/wp\/v2\/tags?post=6184"},{"taxonomy":"yst_prominent_words","embeddable":true,"href":"https:\/\/suaescolaideal.com.br\/blog\/wp-json\/wp\/v2\/yst_prominent_words?post=6184"}],"curies":[{"name":"wp","href":"https:\/\/api.w.org\/{rel}","templated":true}]}}